{"id":10229,"date":"2024-01-19T08:38:35","date_gmt":"2024-01-19T07:38:35","guid":{"rendered":"https:\/\/www.tauli.cat\/actualitat\/?p=10229"},"modified":"2024-01-19T08:38:35","modified_gmt":"2024-01-19T07:38:35","slug":"el-parc-tauli-acull-la-jornada-del-pla-de-salut-2021-2025-de-la-regio-sanitaria-barcelona-metropolitana-nord","status":"publish","type":"post","link":"https:\/\/www.tauli.cat\/actualitat\/noticia\/2024\/01\/el-parc-tauli-acull-la-jornada-del-pla-de-salut-2021-2025-de-la-regio-sanitaria-barcelona-metropolitana-nord\/","title":{"rendered":"El Parc Taul\u00ed acull la Jornada del Pla de Salut 2021-2025 de la Regi\u00f3 Sanit\u00e0ria Barcelona Metropolitana Nord","gt_translate_keys":[{"key":"rendered","format":"text"}]},"content":{"rendered":"<div data-section-type=\"fullwidth-background\" data-image-type=\"none\" data-full-height=\"no\" class=\"eut-section\"><div class=\"eut-row eut-bookmark\"><div class=\"wpb_column eut-column eut-column-1\"><div class=\"eut-element eut-text\"><p>M\u00e9s de 300 professionals de la salut, agents socials i representants del m\u00f3n local, entre d\u2019altres, van participar aquest dimecres a la Jornada del Pla de salut 2021-2025 de la Regi\u00f3 Sanit\u00e0ria Barcelona Metropolitana Nord. La sessi\u00f3 \u2013que ha combinat l\u2019assist\u00e8ncia presencial a l\u2019auditori de Parc Taul\u00ed amb l\u2019assist\u00e8ncia telem\u00e0tica- ha servit per passar balan\u00e7 al pla, actualment en fase d\u2019implementaci\u00f3.<\/p>\n<p>Fins a data d\u2019avui, el Pla de salut 2021-2025 de la Regi\u00f3 Sanit\u00e0ria Barcelona Metropolitana Nord ha iniciat un 94% de les 65 accions tra\u00e7adores previstes. D\u2019aquestes accions, ja se n\u2019han completat un 43% i la resta s\u2019acabaran de realitzar en els propers 2 anys.<\/p>\n<p>El Pla de salut de la Metropolitana Nord \u00e9s un document estrat\u00e8gic per millorar la salut i la qualitat de vida de la poblaci\u00f3 de la Regi\u00f3 en els propers anys. \u00c9s la versi\u00f3 territorial del Pla de salut de Catalunya, marc de refer\u00e8ncia per a totes les actuacions de salut p\u00fablica dins l&#8217;\u00e0mbit de la Generalitat. A la jornada d\u2019avui s\u2019ha presentat l\u2019estat de situaci\u00f3 del Pla regional i 12 bones pr\u00e0ctiques relacionades amb les 4 estrat\u00e8gies: igualtat d\u2019oportunitats al llarg de la vida, promoci\u00f3 d\u2019entorns saludables, integraci\u00f3 de l\u2019atenci\u00f3 a la salut i palanques de canvi transversals.<\/p>\n<p>La presidenta del Consorci Corporaci\u00f3 Sanit\u00e0ria Parc Taul\u00ed, Dolors Costa, ha donat la benvinguda als assistents i el conseller de Salut, Manel Balcells, ha inaugurat la sessi\u00f3 amb un v\u00eddeo on ha posat l\u2019accent en la necessitat de treballar en xarxa i compartir experi\u00e8ncies. La directora general de Planificaci\u00f3 i Recerca en Salut, Aina Plaza, ha posat en valor la import\u00e0ncia de l\u2019acci\u00f3 territorial per al desplegament del Pla de salut.<\/p>\n<p>El coordinador del Pla de salut de la Metropolitana Nord, David Ferr\u00e0ndiz, ha avaluat el desplegament del Pla i ha agra\u00eft la col\u00b7laboraci\u00f3 dels col\u00b7lectius que han participat en la redacci\u00f3 i el desplegament. Tamb\u00e9 ha destacat que el Comit\u00e8 Organitzador va rebre fins a 150 bones pr\u00e0ctiques d\u2019entitats del territori, de les quals en va haver de seleccionar 12 per a la jornada d\u2019avui. Les experi\u00e8ncies escollides han representat totes les l\u00ednies assistencials (prim\u00e0ria, hospital\u00e0ria, interm\u00e8dia i salut mental) i \u00e0mbits com la farm\u00e0cia, la salut p\u00fablica o la participaci\u00f3 ciutadana. A la sessi\u00f3 hi han intervingut una vintena de professionals del Barcelon\u00e8s Nord, Maresme, Vall\u00e8s Occidental i Vall\u00e8s Oriental, en representaci\u00f3 de gaireb\u00e9 tots els prove\u00efdors de salut de la demarcaci\u00f3.<\/p>\n<p>En la selecci\u00f3 de les 12 pr\u00e0ctiques, l\u2019objectiu de la Regi\u00f3 Sanit\u00e0ria era que fossin experi\u00e8ncies d\u2019\u00e8xit f\u00e0cilment traslladables a altres centres o \u00e0mbits geogr\u00e0fics. Les pon\u00e8ncies s\u2019han emmarcat en quatre taules, una per a cada estrat\u00e8gia del Pla de salut. Un d\u2019aquests projectes \u00e9s el que va explicar la directora del Servei de Salut Mental d\u2019Adults del Parc Taul\u00ed, la Dra. Virg\u00ednia Soria, que va exposar el projecte d&#8217;hospitalitzaci\u00f3 psiqui\u00e0trica aguda a casa dels pacients<\/p>\n<p>La jornada s\u2019ha tancat amb una confer\u00e8ncia de Xesco Espar, exentrenador d\u2019handbol del FC Barcelona, sobre la motivaci\u00f3 en els equips. A la cloenda, el gerent de la Regi\u00f3 Sanit\u00e0ria Barcelona Metropolitana Nord, Arturo M\u00edguez, ha agra\u00eft el treball dels professionals i les experi\u00e8ncies presentades.<\/p>\n<\/div><\/div><\/div><div class=\"eut-bg-wrapper\"><\/div><\/div>\n","gt_translate_keys":[{"key":"rendered","format":"html"}]},"excerpt":{"rendered":"<p>La Dra. Virginia S\u00f2ria va ser una de les ponents, explicant el projecte de l\u2019hospitalitzaci\u00f3 psiqui\u00e0trica aguda a casa dels pacients<\/p>\n","protected":false,"gt_translate_keys":[{"key":"rendered","format":"html"}]},"author":8,"featured_media":10230,"comment_status":"open","ping_status":"open","sticky":false,"template":"","format":"standard","meta":[],"categories":[1],"tags":[1068],"gt_translate_keys":[{"key":"link","format":"url"}],"_links":{"self":[{"href":"https:\/\/www.tauli.cat\/actualitat\/wp-json\/wp\/v2\/posts\/10229"}],"collection":[{"href":"https:\/\/www.tauli.cat\/actualitat\/wp-json\/wp\/v2\/posts"}],"about":[{"href":"https:\/\/www.tauli.cat\/actualitat\/wp-json\/wp\/v2\/types\/post"}],"author":[{"embeddable":true,"href":"https:\/\/www.tauli.cat\/actualitat\/wp-json\/wp\/v2\/users\/8"}],"replies":[{"embeddable":true,"href":"https:\/\/www.tauli.cat\/actualitat\/wp-json\/wp\/v2\/comments?post=10229"}],"version-history":[{"count":1,"href":"https:\/\/www.tauli.cat\/actualitat\/wp-json\/wp\/v2\/posts\/10229\/revisions"}],"predecessor-version":[{"id":10231,"href":"https:\/\/www.tauli.cat\/actualitat\/wp-json\/wp\/v2\/posts\/10229\/revisions\/10231"}],"wp:featuredmedia":[{"embeddable":true,"href":"https:\/\/www.tauli.cat\/actualitat\/wp-json\/wp\/v2\/media\/10230"}],"wp:attachment":[{"href":"https:\/\/www.tauli.cat\/actualitat\/wp-json\/wp\/v2\/media?parent=10229"}],"wp:term":[{"taxonomy":"category","embeddable":true,"href":"https:\/\/www.tauli.cat\/actualitat\/wp-json\/wp\/v2\/categories?post=10229"},{"taxonomy":"post_tag","embeddable":true,"href":"https:\/\/www.tauli.cat\/actualitat\/wp-json\/wp\/v2\/tags?post=10229"}],"curies":[{"name":"wp","href":"https:\/\/api.w.org\/{rel}","templated":true}]}}