{"id":11299,"date":"2024-02-12T14:15:06","date_gmt":"2024-02-12T13:15:06","guid":{"rendered":"https:\/\/www.tauli.cat\/actualitat\/?p=11299"},"modified":"2024-02-12T14:15:06","modified_gmt":"2024-02-12T13:15:06","slug":"el-director-de-salut-mental-diego-palao-participa-en-la-presentacio-duna-accio-de-carrer-per-prevenir-el-suicidi","status":"publish","type":"post","link":"https:\/\/www.tauli.cat\/actualitat\/noticia\/2024\/02\/el-director-de-salut-mental-diego-palao-participa-en-la-presentacio-duna-accio-de-carrer-per-prevenir-el-suicidi\/","title":{"rendered":"El director de Salut Mental, Diego Palao, participa en la presentaci\u00f3 d\u2019una acci\u00f3 de carrer per prevenir el su\u00efcidi","gt_translate_keys":[{"key":"rendered","format":"text"}]},"content":{"rendered":"<div data-section-type=\"fullwidth-background\" data-image-type=\"none\" data-full-height=\"no\" class=\"eut-section\"><div class=\"eut-row eut-bookmark\"><div class=\"wpb_column eut-column eut-column-1\"><div class=\"eut-element eut-text\"><p>El Departament de Salut instal\u00b7lar\u00e0 temporalment uns vinils a prop de 90 punts de Catalunya, en una acci\u00f3 de carrer per prevenir el su\u00efcidi, especialment en homes de m\u00e9s de 50 anys. L\u2019acci\u00f3 forma part\u00a0de la campanya<strong>\u00a0\u201cNo el deixis caure en el pou del su\u00efcidi\u201d\u00a0<\/strong>que el Departament va posar en marxa el desembre passat.<\/p>\n<p>&nbsp;<\/p>\n<p>El conseller de Salut, Manel Balcells, acompanyat del director del Pla de Prevenci\u00f3 del Su\u00efcidi de Catalunya i director de Salut Mental del Parc Taul\u00ed, el Diego Palao, han presentat aquest mat\u00ed a la pla\u00e7a Universitat de Barcelona un d\u2019aquests vinils que mostra la\u00a0mateixa imatge de la campanya: un punt negre que simbolitza all\u00e0 on es poden trobar les persones amb ideaci\u00f3 su\u00efcida.<\/p>\n<p>&nbsp;<\/p>\n<p>Amb aquesta instal\u00b7laci\u00f3, Salut vol posar \u00e8mfasi en la detecci\u00f3 de senyals d\u2019alerta i en la prevenci\u00f3 per part de l\u2019entorn de les conductes que atempten contra la pr\u00f2pia vida i, tamb\u00e9 en demanar ajuda, si cal, trucant al tel\u00e8fon 061\/Salut Respon.<\/p>\n<p>&nbsp;<\/p>\n<p>En aquest sentit, el conseller ha subratllat que\u00a0<strong>\u201caquesta campanya incideix en l\u2019entorn de les persones que tenen conducta d\u2019ideaci\u00f3 su\u00efcida. Demanem a l\u2019entorn que allargui la m\u00e0 a les persones que estan en aquesta situaci\u00f3 i, aquest allargar la m\u00e0 \u00e9s trucar al 061&#8243;.<\/strong><\/p>\n<p><strong>\u00a0<\/strong><\/p>\n<p><strong>El Dr. Diego Palao ha explicat que \u201cla majoria de les trucades corresponen a persones afectades, familiars i professionals d\u2019atenci\u00f3 prim\u00e0ria que detecten possibles casos\u201d. I \u201cen la majoria de casos, la trucada telef\u00f2nica ajuda a reduir la ideaci\u00f3 su\u00efcida\u201d. <\/strong><\/p>\n<p>&nbsp;<\/p>\n<p>Els vinils, de\u00a0260 cm de di\u00e0metre,\u00a0estaran presents en diferents ciutats del pa\u00eds durant un mes, tret d\u2019algun punt que hi ser\u00e0 durant uns 15 dies. Amb aquestes instal\u00b7lacions,\u00a0es vol conscienciar als familiars i a l\u2019entorn, especialment d\u2019homes de m\u00e9s de 50 anys, perqu\u00e8 no banalitzin situacions de risc, i\u00a0acompanyin i ajudin la persona susceptible de desenvolupar una conducta su\u00efcida. I \u00e9s que detectar idees su\u00efcides abans que es produeixi un intent \u00e9s cabdal per poder prevenir p\u00e8rdues evitables.<\/p>\n<p>&nbsp;<\/p>\n<p><strong>Tota la informaci\u00f3: <a href=\"https:\/\/govern.cat\/salapremsa\/notes-premsa\/579642\/salut-realitza-accio-carrer-prevenir-suicidi-prop-90-punts-catalunya\">Nota de premsa del Departament de Salut<\/a><\/strong><\/p>\n<\/div><\/div><\/div><div class=\"eut-bg-wrapper\"><\/div><\/div>\n","gt_translate_keys":[{"key":"rendered","format":"html"}]},"excerpt":{"rendered":"<p>L\u2019acci\u00f3 forma part de la campanya \u201cNo el deixis caure en el pou del su\u00efcidi\u201d que el Departament va posar en marxa el desembre passat<\/p>\n","protected":false,"gt_translate_keys":[{"key":"rendered","format":"html"}]},"author":8,"featured_media":11300,"comment_status":"open","ping_status":"open","sticky":false,"template":"","format":"standard","meta":[],"categories":[1],"tags":[923,217],"gt_translate_keys":[{"key":"link","format":"url"}],"_links":{"self":[{"href":"https:\/\/www.tauli.cat\/actualitat\/wp-json\/wp\/v2\/posts\/11299"}],"collection":[{"href":"https:\/\/www.tauli.cat\/actualitat\/wp-json\/wp\/v2\/posts"}],"about":[{"href":"https:\/\/www.tauli.cat\/actualitat\/wp-json\/wp\/v2\/types\/post"}],"author":[{"embeddable":true,"href":"https:\/\/www.tauli.cat\/actualitat\/wp-json\/wp\/v2\/users\/8"}],"replies":[{"embeddable":true,"href":"https:\/\/www.tauli.cat\/actualitat\/wp-json\/wp\/v2\/comments?post=11299"}],"version-history":[{"count":1,"href":"https:\/\/www.tauli.cat\/actualitat\/wp-json\/wp\/v2\/posts\/11299\/revisions"}],"predecessor-version":[{"id":11301,"href":"https:\/\/www.tauli.cat\/actualitat\/wp-json\/wp\/v2\/posts\/11299\/revisions\/11301"}],"wp:featuredmedia":[{"embeddable":true,"href":"https:\/\/www.tauli.cat\/actualitat\/wp-json\/wp\/v2\/media\/11300"}],"wp:attachment":[{"href":"https:\/\/www.tauli.cat\/actualitat\/wp-json\/wp\/v2\/media?parent=11299"}],"wp:term":[{"taxonomy":"category","embeddable":true,"href":"https:\/\/www.tauli.cat\/actualitat\/wp-json\/wp\/v2\/categories?post=11299"},{"taxonomy":"post_tag","embeddable":true,"href":"https:\/\/www.tauli.cat\/actualitat\/wp-json\/wp\/v2\/tags?post=11299"}],"curies":[{"name":"wp","href":"https:\/\/api.w.org\/{rel}","templated":true}]}}