{"id":12610,"date":"2024-02-29T12:48:38","date_gmt":"2024-02-29T11:48:38","guid":{"rendered":"https:\/\/www.tauli.cat\/actualitat\/?p=12610"},"modified":"2024-02-29T12:48:38","modified_gmt":"2024-02-29T11:48:38","slug":"el-parc-tauli-estrena-un-portal-web-per-captar-nou-talent-i-per-millorar-la-informacio-dels-professionals-amb-la-institucio","status":"publish","type":"post","link":"https:\/\/www.tauli.cat\/actualitat\/noticia\/2024\/02\/el-parc-tauli-estrena-un-portal-web-per-captar-nou-talent-i-per-millorar-la-informacio-dels-professionals-amb-la-institucio\/","title":{"rendered":"El Parc Taul\u00ed estrena un portal web per captar nou talent i per millorar la informaci\u00f3 dels professionals amb la instituci\u00f3","gt_translate_keys":[{"key":"rendered","format":"text"}]},"content":{"rendered":"<div data-section-type=\"fullwidth-background\" data-image-type=\"none\" data-full-height=\"no\" class=\"eut-section\"><div class=\"eut-row eut-bookmark\"><div class=\"wpb_column eut-column eut-column-1\"><div class=\"eut-element eut-text\"><p>L\u2019\u00c0rea de Persones del Parc Taul\u00ed ha llen\u00e7at el seu nou portal web de feina <a href=\"https:\/\/treball.tauli.cat\/inici\">treball.tauli.cat<\/a>.<\/p>\n<p>&nbsp;<\/p>\n<p>Aquest espai renovat s\u2019ha dissenyat amb l\u2019objectiu de ser m\u00e9s accessible i atractiu per captar nous professionals per a la instituci\u00f3. Aix\u00ed com, per ser una eina informativa r\u00e0pida i funcional per als treballadors i treballadores del Parc Taul\u00ed.<\/p>\n<p>&nbsp;<\/p>\n<p>Aquesta actualitzaci\u00f3 del portal segueix la l\u00ednia de modernitzaci\u00f3 i innovaci\u00f3 del Parc Taul\u00ed, per adaptar-se a les necessitats dels professionals, i de millora de l\u2019experi\u00e8ncia de l\u2019usuari\/-\u00e0ria.<\/p>\n<p>&nbsp;<\/p>\n<p>El nou portal incorpora filtres avan\u00e7ats per simplificar les cerques, permetent un acc\u00e9s m\u00e9s r\u00e0pid a les ofertes professionals que millor s\u2019ajustin a les necessitats i expectatives de les persones.<\/p>\n<p>Tamb\u00e9, s\u2019han implementat paletes de colors per indicar l\u2019estat, la caducitat o les actualitzacions d\u2019una oferta de treball. Per exemple, color verd per una oferta activa; color groc quan est\u00e0 pendent de resoluci\u00f3 i color vermell quan l\u2019oferta est\u00e0 tancada. Aquesta nova funcionalitat proporcionar\u00e0 als professionals una visi\u00f3 instant\u00e0nia sobre les oportunitat disponibles, agilitzant el proc\u00e9s de cerca i aplicaci\u00f3.<\/p>\n<p>&nbsp;<\/p>\n<p>La directora de Gesti\u00f3 de Recursos Humans, Cristina Melero, ha assegurat que \u201c<strong>amb aquesta renovaci\u00f3, no nom\u00e9s millorarem la interacci\u00f3 amb els professionals del Parc Taul\u00ed; sin\u00f3 que tamb\u00e9 refor\u00e7arem la nostra posici\u00f3 destacada en el mercat laboral. Mostrant per qu\u00e8 el Parc Taul\u00ed \u00e9s la millor opci\u00f3 per treballar, a trav\u00e9s de testimonis dels nostres propis professionals<\/strong>\u201d. \u00a0La plataforma ha de servir \u201c<strong>com a canal entre els professionals i les oportunitats; per\u00f2, reflectint el talent intern i els valors de la CSPT<\/strong>\u201d, ha afegit Melero.<\/p>\n<p>&nbsp;<\/p>\n<p>El nou portal web de feina del Parc Taul\u00ed representa un pas significatiu en la consolidaci\u00f3 i posicionament de la marca Taul\u00ed en el sistema sanitari catal\u00e0.<\/p>\n<\/div><\/div><\/div><div class=\"eut-bg-wrapper\"><\/div><\/div><div data-section-type=\"fullwidth-background\" data-image-type=\"none\" data-full-height=\"no\" class=\"eut-section\"><div class=\"eut-row eut-bookmark\"><div class=\"wpb_column eut-column eut-column-1\"><div class=\"eut-element eut-image eut-align-center\" style=\"\"><img width=\"1800\" height=\"1200\" src=\"https:\/\/www.tauli.cat\/actualitat\/wp-content\/uploads\/2024\/02\/DEF.jpg\" class=\"attachment-full size-full\" alt=\"Portal Web\" decoding=\"async\" loading=\"lazy\" srcset=\"https:\/\/www.tauli.cat\/actualitat\/wp-content\/uploads\/2024\/02\/DEF.jpg 1800w, https:\/\/www.tauli.cat\/actualitat\/wp-content\/uploads\/2024\/02\/DEF-300x200.jpg 300w, https:\/\/www.tauli.cat\/actualitat\/wp-content\/uploads\/2024\/02\/DEF-1200x800.jpg 1200w, https:\/\/www.tauli.cat\/actualitat\/wp-content\/uploads\/2024\/02\/DEF-768x512.jpg 768w, https:\/\/www.tauli.cat\/actualitat\/wp-content\/uploads\/2024\/02\/DEF-600x400.jpg 600w, https:\/\/www.tauli.cat\/actualitat\/wp-content\/uploads\/2024\/02\/DEF-1536x1024.jpg 1536w, https:\/\/www.tauli.cat\/actualitat\/wp-content\/uploads\/2024\/02\/DEF-1320x880.jpg 1320w\" sizes=\"(max-width: 1800px) 100vw, 1800px\" \/><\/div><\/div><\/div><div class=\"eut-bg-wrapper\"><\/div><\/div>\n","gt_translate_keys":[{"key":"rendered","format":"html"}]},"excerpt":{"rendered":"<p>L\u2019\u00c0rea de Persones del Parc Taul\u00ed ha llen\u00e7at el seu nou portal web de feina treball.tauli.cat.<\/p>\n","protected":false,"gt_translate_keys":[{"key":"rendered","format":"html"}]},"author":8,"featured_media":12611,"comment_status":"open","ping_status":"open","sticky":false,"template":"","format":"standard","meta":[],"categories":[1],"tags":[1082],"gt_translate_keys":[{"key":"link","format":"url"}],"_links":{"self":[{"href":"https:\/\/www.tauli.cat\/actualitat\/wp-json\/wp\/v2\/posts\/12610"}],"collection":[{"href":"https:\/\/www.tauli.cat\/actualitat\/wp-json\/wp\/v2\/posts"}],"about":[{"href":"https:\/\/www.tauli.cat\/actualitat\/wp-json\/wp\/v2\/types\/post"}],"author":[{"embeddable":true,"href":"https:\/\/www.tauli.cat\/actualitat\/wp-json\/wp\/v2\/users\/8"}],"replies":[{"embeddable":true,"href":"https:\/\/www.tauli.cat\/actualitat\/wp-json\/wp\/v2\/comments?post=12610"}],"version-history":[{"count":1,"href":"https:\/\/www.tauli.cat\/actualitat\/wp-json\/wp\/v2\/posts\/12610\/revisions"}],"predecessor-version":[{"id":12612,"href":"https:\/\/www.tauli.cat\/actualitat\/wp-json\/wp\/v2\/posts\/12610\/revisions\/12612"}],"wp:featuredmedia":[{"embeddable":true,"href":"https:\/\/www.tauli.cat\/actualitat\/wp-json\/wp\/v2\/media\/12611"}],"wp:attachment":[{"href":"https:\/\/www.tauli.cat\/actualitat\/wp-json\/wp\/v2\/media?parent=12610"}],"wp:term":[{"taxonomy":"category","embeddable":true,"href":"https:\/\/www.tauli.cat\/actualitat\/wp-json\/wp\/v2\/categories?post=12610"},{"taxonomy":"post_tag","embeddable":true,"href":"https:\/\/www.tauli.cat\/actualitat\/wp-json\/wp\/v2\/tags?post=12610"}],"curies":[{"name":"wp","href":"https:\/\/api.w.org\/{rel}","templated":true}]}}