{"id":13717,"date":"2024-03-19T11:25:38","date_gmt":"2024-03-19T10:25:38","guid":{"rendered":"https:\/\/www.tauli.cat\/actualitat\/?p=13717"},"modified":"2024-03-19T11:25:38","modified_gmt":"2024-03-19T10:25:38","slug":"el-parc-tauli-organitza-el-curs-educacio-per-la-salut-dirigit-a-la-poblacio-adulta-de-sabadell","status":"publish","type":"post","link":"https:\/\/www.tauli.cat\/actualitat\/noticia\/2024\/03\/el-parc-tauli-organitza-el-curs-educacio-per-la-salut-dirigit-a-la-poblacio-adulta-de-sabadell\/","title":{"rendered":"El Parc Taul\u00ed organitza el curs \u2018Educaci\u00f3 per la Salut\u2019 dirigit a la poblaci\u00f3 adulta de Sabadell","gt_translate_keys":[{"key":"rendered","format":"text"}]},"content":{"rendered":"<div data-section-type=\"fullwidth-background\" data-image-type=\"none\" data-full-height=\"no\" class=\"eut-section\"><div class=\"eut-row eut-bookmark\"><div class=\"wpb_column eut-column eut-column-1\"><div class=\"eut-element eut-text\"><p>El Parc Taul\u00ed, amb col\u00b7laboraci\u00f3 amb l\u2019Ajuntament de Sabadell, la Universitat Aut\u00f2noma i l\u2019Escola Superior de Disseny (ESDI), oferir\u00e0 el curs \u2018Educaci\u00f3 per la Salut\u2019 obert a tot el p\u00fablic, major de 55 anys, a les 18h a l\u2019Auditori del Parc Taul\u00ed.<\/p>\n<p>El curs est\u00e0 organitzat en diferents sessions per promoure les bones pr\u00e0ctiques saludables entre la poblaci\u00f3. Aquestes sessions seran quinzenals, comen\u00e7aran el 2 d\u2019abril fins al 25 de juny.<\/p>\n<p>&nbsp;<\/p>\n<p><strong>Agenda:<\/strong><\/p>\n<p><strong>(02\/04\/24) La transformaci\u00f3 del sistema sanitari: fins al 2030. <\/strong>Pepi Rivera<\/p>\n<p>Com ser\u00e0 l\u2019organitzaci\u00f3 sanit\u00e0ria en els pr\u00f2xims 10 anys?: paper del ciutad\u00e0, l\u2019atenci\u00f3 en domicili, nous rols assistencials?<\/p>\n<p>&nbsp;<\/p>\n<p><strong>(16\/04\/24) H\u00e0bits nutricionals saludables i preventius en l\u2019etapa de prejubilaci\u00f3. <\/strong>Gema Navarro<\/p>\n<p>Aprendre a gaudir del menjar sense deixar de cuidar-nos<\/p>\n<p>&nbsp;<\/p>\n<p><strong>(30\/04\/24) Con\u00e8ixer i interpretar el teu cos: signes i s\u00edmptomes d\u2019alarma en salut. <\/strong>Mar\u00eda Gil i Cristina Garc\u00eda<\/p>\n<p>Identifica qu\u00e8 signes o s\u00edmptomes s\u00f3n suggestius de malaltia greu<\/p>\n<p>&nbsp;<\/p>\n<p><strong>(14\/05\/24) H\u00e0bits f\u00edsics saludables en l\u2019etapa de pre jubilaci\u00f3. <\/strong>Marta Bellsol\u00e0, Jidith Cabello y Jenifer G\u00f3mez<\/p>\n<p>Com preparar el nostre aparell locomotor i circulatori per les activitats a desenvolupar despr\u00e9s de la jubilaci\u00f3<\/p>\n<p><strong>\u00a0<\/strong><\/p>\n<p><strong>(28\/05\/24) Com detectar not\u00edcies \u201cfakes\u201d en salut. La recerca d\u2019informaci\u00f3 fiable en salut. <\/strong>Manel Cervantes i Pepi Rivera<\/p>\n<p>En un m\u00f3n globalitzat, ser capa\u00e7 de discriminar les not\u00edcies verdaderes \u00e9s cabdal per una bona presa de decisions<\/p>\n<p>&nbsp;<\/p>\n<p><strong>(11\/06\/24) Qu\u00e8 he de con\u00e8ixer per viatjar amb seguretat. <\/strong>Manel Cervantes<\/p>\n<p>Premisses a tenir en compte en fer viatges fora del nostre entorn<\/p>\n<p>&nbsp;<\/p>\n<p><strong>(25\/06\/25) La tecnologia com suport a la cura en salut. <\/strong>Pedro Mar\u00eda Cano<\/p>\n<p>Pot la tecnologia apropar el sistema sanitari al pacient? \u00c9s segur??<\/p>\n<p>&nbsp;<\/p>\n<p><strong>Les persones interessades es poden inscriure a:<\/strong> <a href=\"https:\/\/www.tauli.cat\/actualitat\/inscripcio-curs-educacio-salut\">https:\/\/www.tauli.cat\/actualitat\/inscripcio-curs-educacio-salut<\/a><\/p>\n<p>&nbsp;<\/p>\n<\/div><\/div><\/div><div class=\"eut-bg-wrapper\"><\/div><\/div>\n","gt_translate_keys":[{"key":"rendered","format":"html"}]},"excerpt":{"rendered":"<p>Les sessions gratu\u00eftes seran quinzenals i comen\u00e7aran del 2 d\u2019abril al 25 de juny<\/p>\n","protected":false,"gt_translate_keys":[{"key":"rendered","format":"html"}]},"author":8,"featured_media":10437,"comment_status":"open","ping_status":"open","sticky":false,"template":"","format":"standard","meta":[],"categories":[1],"tags":[871],"gt_translate_keys":[{"key":"link","format":"url"}],"_links":{"self":[{"href":"https:\/\/www.tauli.cat\/actualitat\/wp-json\/wp\/v2\/posts\/13717"}],"collection":[{"href":"https:\/\/www.tauli.cat\/actualitat\/wp-json\/wp\/v2\/posts"}],"about":[{"href":"https:\/\/www.tauli.cat\/actualitat\/wp-json\/wp\/v2\/types\/post"}],"author":[{"embeddable":true,"href":"https:\/\/www.tauli.cat\/actualitat\/wp-json\/wp\/v2\/users\/8"}],"replies":[{"embeddable":true,"href":"https:\/\/www.tauli.cat\/actualitat\/wp-json\/wp\/v2\/comments?post=13717"}],"version-history":[{"count":2,"href":"https:\/\/www.tauli.cat\/actualitat\/wp-json\/wp\/v2\/posts\/13717\/revisions"}],"predecessor-version":[{"id":13721,"href":"https:\/\/www.tauli.cat\/actualitat\/wp-json\/wp\/v2\/posts\/13717\/revisions\/13721"}],"wp:featuredmedia":[{"embeddable":true,"href":"https:\/\/www.tauli.cat\/actualitat\/wp-json\/wp\/v2\/media\/10437"}],"wp:attachment":[{"href":"https:\/\/www.tauli.cat\/actualitat\/wp-json\/wp\/v2\/media?parent=13717"}],"wp:term":[{"taxonomy":"category","embeddable":true,"href":"https:\/\/www.tauli.cat\/actualitat\/wp-json\/wp\/v2\/categories?post=13717"},{"taxonomy":"post_tag","embeddable":true,"href":"https:\/\/www.tauli.cat\/actualitat\/wp-json\/wp\/v2\/tags?post=13717"}],"curies":[{"name":"wp","href":"https:\/\/api.w.org\/{rel}","templated":true}]}}