{"id":1767,"date":"2017-03-01T15:58:48","date_gmt":"2017-03-01T13:58:48","guid":{"rendered":"http:\/\/www.tauli.cat\/actualitat\/2017\/03\/01\/la-dra-montserrat-bosque-rep-el-reconeixement-a-la-seva-trajectoria-professional-en-la-difusio-de-les-malalties-minoritaries\/"},"modified":"2017-03-01T15:58:48","modified_gmt":"2017-03-01T13:58:48","slug":"la-dra-montserrat-bosque-rep-el-reconeixement-a-la-seva-trajectoria-professional-en-la-difusio-de-les-malalties-minoritaries","status":"publish","type":"post","link":"https:\/\/www.tauli.cat\/actualitat\/noticia\/2017\/03\/la-dra-montserrat-bosque-rep-el-reconeixement-a-la-seva-trajectoria-professional-en-la-difusio-de-les-malalties-minoritaries\/","title":{"rendered":"La Dra. Montserrat Bosque rep el reconeixement a la seva traject\u00f2ria professional en la difusi\u00f3 de les malalties minorit\u00e0ries","gt_translate_keys":[{"key":"rendered","format":"text"}]},"content":{"rendered":"<p> \tEn l&rsquo;acte de celebraci&oacute; del Dia Mundial de les Malalties Minorit&agrave;ries, celebrat ahir, la Comissi&oacute; Gestora de la Jornada, integrada per associacions de pacients, la Federaci&oacute; Catalana de Malalties Minorit&agrave;ries, FEDER delegaci&oacute; Catalunya i la Plataforma de Malalties Minorit&agrave;ries, va atorgar el reconeixement a la Dra. Bosque per la divulgaci&oacute; de les malalties minorit&agrave;ries i per l&rsquo;aportaci&oacute; professional als afectats.<\/p>\n<p> \tLa Jornada es va celebrar a l&#39;Hospital Sant Joan de D&eacute;u de Barcelona i va comptar amb la participaci&oacute; de la directora del Centre d&rsquo;Atenci&oacute; a la Dona i a l&rsquo;Infant, Pepi Rivera, en la taula debat sobre el desplegament del model d&rsquo;atenci&oacute; a les malalties minorit&agrave;ries. El Parc Taul&iacute; formar part de la primera xarxa d&rsquo;unitats d&rsquo;expertesa cl&iacute;nica (XUEC) en malalties minorit&agrave;ries a Catalunya, juntament amb l&rsquo;Hospital Sant Joan de D&eacute;u de Barcelona i a l&rsquo;Hospital Universitari Vall d&rsquo;Hebron.<\/p>\n<p> \tEn el decurs de l&#39;acte tamb&eacute; van rebre el reconeixement el catedr&agrave;tic de la UAB i assessor de la Generalitat en mat&egrave;ria de Salut, Miquel Vilardell i el cap de Pediatria de l&#39;Hospital Germans Trias i Pujol de Badalona, Guillem Pintos.<\/p>\n<p> \t<strong>Felicitats a la Dra. Bosque per aquest merescut reconeixement!<\/strong><\/p>\n<p class=\"link_video\"> \tV&iacute;deo de presentaci&oacute; del reconeixement a la Dra. Bosque a c&agrave;rrec de Pere Llu&iacute;s Rodr&iacute;guez, pacient del Parc Taul&iacute;:<\/p>\n<p style=\"text-align: center;\"> \t&nbsp;<\/p>\n<p> <video controls=\"controls\" height=\"300\" id=\"video20172115616\" poster=\"\" width=\"400\"><source src=\"images\/Noticies\/imatges\/2017_02_28_Reconeix_DraBosque.mp4\" type=\"video\/mp4\" \/>Your browser doesn&#39;t support video.<br \/> Please download the file: <a href=\"https:\/\/www.tauli.cat\/actualitat\/wp-content\/uploads\/2017\/03\/2017_02_28_Reconeix_DraBosque.mp4\">video\/mp4<\/a><\/video> <\/p>\n<p> \t&nbsp;<\/p>\n","gt_translate_keys":[{"key":"rendered","format":"html"}]},"excerpt":{"rendered":"<p> \tEn l&rsquo;acte de celebraci&oacute; del Dia Mundial de les Malalties Minorit&agrave;ries, celebrat ahir, la Comissi&oacute; Gestora de la Jornada, integrada per associacions de pacients, la Federaci&oacute; Catalana de Malalties Minorit&agrave;ries, FEDER delegaci&oacute; Catalunya i la Plataforma de Malalties Minorit&agrave;ries, va atorgar el reconeixement a la Dra. Bosque per la divulgaci&oacute; de les malalties minorit&agrave;ries i per l&rsquo;aportaci&oacute; professional als afectats.<\/p>\n","protected":false,"gt_translate_keys":[{"key":"rendered","format":"html"}]},"author":1,"featured_media":0,"comment_status":"open","ping_status":"open","sticky":false,"template":"","format":"standard","meta":[],"categories":[1],"tags":[],"gt_translate_keys":[{"key":"link","format":"url"}],"_links":{"self":[{"href":"https:\/\/www.tauli.cat\/actualitat\/wp-json\/wp\/v2\/posts\/1767"}],"collection":[{"href":"https:\/\/www.tauli.cat\/actualitat\/wp-json\/wp\/v2\/posts"}],"about":[{"href":"https:\/\/www.tauli.cat\/actualitat\/wp-json\/wp\/v2\/types\/post"}],"author":[{"embeddable":true,"href":"https:\/\/www.tauli.cat\/actualitat\/wp-json\/wp\/v2\/users\/1"}],"replies":[{"embeddable":true,"href":"https:\/\/www.tauli.cat\/actualitat\/wp-json\/wp\/v2\/comments?post=1767"}],"version-history":[{"count":0,"href":"https:\/\/www.tauli.cat\/actualitat\/wp-json\/wp\/v2\/posts\/1767\/revisions"}],"wp:attachment":[{"href":"https:\/\/www.tauli.cat\/actualitat\/wp-json\/wp\/v2\/media?parent=1767"}],"wp:term":[{"taxonomy":"category","embeddable":true,"href":"https:\/\/www.tauli.cat\/actualitat\/wp-json\/wp\/v2\/categories?post=1767"},{"taxonomy":"post_tag","embeddable":true,"href":"https:\/\/www.tauli.cat\/actualitat\/wp-json\/wp\/v2\/tags?post=1767"}],"curies":[{"name":"wp","href":"https:\/\/api.w.org\/{rel}","templated":true}]}}