{"id":1784,"date":"2017-03-17T14:00:24","date_gmt":"2017-03-17T12:00:24","guid":{"rendered":"http:\/\/www.tauli.cat\/actualitat\/2017\/03\/17\/el-parc-tauli-realitza-obres-de-renovacio-del-paviment-de-la-placa-del-recinte-sanitari\/"},"modified":"2017-03-17T14:00:24","modified_gmt":"2017-03-17T12:00:24","slug":"el-parc-tauli-realitza-obres-de-renovacio-del-paviment-de-la-placa-del-recinte-sanitari","status":"publish","type":"post","link":"https:\/\/www.tauli.cat\/actualitat\/noticia\/2017\/03\/el-parc-tauli-realitza-obres-de-renovacio-del-paviment-de-la-placa-del-recinte-sanitari\/","title":{"rendered":"El Parc Taul\u00ed realitza obres de renovaci\u00f3 del paviment de la pla\u00e7a del recinte sanitari","gt_translate_keys":[{"key":"rendered","format":"text"}]},"content":{"rendered":"<p> \tUn equip de professionals del Servei de Manteniment estan realitzant els treballs que est&agrave; previst que finalitzin a finals del proper mes de maig. Les obres de reforma consisteixen en l&rsquo;eliminaci&oacute; de la zona de grades, molt malmeses, que es substituiran per escales i baranes.<\/p>\n<p> \tConcretament, els treballs consistiran en la renovaci&oacute; de la zona de grades per substituir-les per escales i baranes amb la finalitat de facilitar la circulaci&oacute; a la gent gran o a persones amb problemes de mobilitat. Est&agrave; previst finalitzar els treballs a finals del proper mes de maig.<\/p>\n<p> \tEl projecte d&rsquo;obres est&agrave; elaborat per l&rsquo;Ajuntament de Sabadell i, tal i com explica el director d&rsquo;Economia i Serveis del Parc Taul&iacute;, Francesc Luque, tamb&eacute; est&agrave; previst eliminar la gespa i els parterres situats davant la fa&ccedil;ana principal de l&rsquo;hospital. Es col&middot;locar&agrave; un terra adequat per evitar el fang que es forma quan plou, tot i que es mantindran els arbres actuals.<\/p>\n<p> \tAquestes obres tenen un pressupost de 90.000 &euro;, finan&ccedil;ats en un 50% per l&rsquo;empresa ISS &ndash; concession&agrave;ria del restaurant Blues &ndash; i l&rsquo;altre 50% pel Parc Taul&iacute;, que assumeix els costos de la m&agrave; d&rsquo;obra. Un cop finalitzats el treballs, l&rsquo;obra ser&agrave; recepcionada per l&rsquo;Ajuntament de Sabadell que assumir&agrave; el seu manteniment com a espai de Via P&uacute;blica.<\/p>\n","gt_translate_keys":[{"key":"rendered","format":"html"}]},"excerpt":{"rendered":"<p> \tUn equip de professionals del Servei de Manteniment estan realitzant els treballs que est&agrave; previst que finalitzin a finals del proper mes de maig. Les obres de reforma consisteixen en l&rsquo;eliminaci&oacute; de la zona de grades, molt malmeses, que es substituiran per escales i baranes.<\/p>\n","protected":false,"gt_translate_keys":[{"key":"rendered","format":"html"}]},"author":1,"featured_media":0,"comment_status":"open","ping_status":"open","sticky":false,"template":"","format":"standard","meta":[],"categories":[1],"tags":[],"gt_translate_keys":[{"key":"link","format":"url"}],"_links":{"self":[{"href":"https:\/\/www.tauli.cat\/actualitat\/wp-json\/wp\/v2\/posts\/1784"}],"collection":[{"href":"https:\/\/www.tauli.cat\/actualitat\/wp-json\/wp\/v2\/posts"}],"about":[{"href":"https:\/\/www.tauli.cat\/actualitat\/wp-json\/wp\/v2\/types\/post"}],"author":[{"embeddable":true,"href":"https:\/\/www.tauli.cat\/actualitat\/wp-json\/wp\/v2\/users\/1"}],"replies":[{"embeddable":true,"href":"https:\/\/www.tauli.cat\/actualitat\/wp-json\/wp\/v2\/comments?post=1784"}],"version-history":[{"count":0,"href":"https:\/\/www.tauli.cat\/actualitat\/wp-json\/wp\/v2\/posts\/1784\/revisions"}],"wp:attachment":[{"href":"https:\/\/www.tauli.cat\/actualitat\/wp-json\/wp\/v2\/media?parent=1784"}],"wp:term":[{"taxonomy":"category","embeddable":true,"href":"https:\/\/www.tauli.cat\/actualitat\/wp-json\/wp\/v2\/categories?post=1784"},{"taxonomy":"post_tag","embeddable":true,"href":"https:\/\/www.tauli.cat\/actualitat\/wp-json\/wp\/v2\/tags?post=1784"}],"curies":[{"name":"wp","href":"https:\/\/api.w.org\/{rel}","templated":true}]}}