{"id":1818,"date":"2017-03-27T11:28:52","date_gmt":"2017-03-27T09:28:52","guid":{"rendered":"http:\/\/www.tauli.cat\/actualitat\/2017\/03\/27\/s-estrena-el-web-neixer-al-parc-tauli\/"},"modified":"2017-03-27T11:28:52","modified_gmt":"2017-03-27T09:28:52","slug":"s-estrena-el-web-neixer-al-parc-tauli","status":"publish","type":"post","link":"https:\/\/www.tauli.cat\/actualitat\/noticia\/2017\/03\/s-estrena-el-web-neixer-al-parc-tauli\/","title":{"rendered":"S'estrena el web 'N\u00e9ixer al Parc Taul\u00ed'","gt_translate_keys":[{"key":"rendered","format":"text"}]},"content":{"rendered":"<p style=\"text-align: justify;\"> \tFa uns dies que ha vist la llum el web &lsquo;<a href=\"http:\/\/www.tauli.cat\/hospital\/neixeralparctauli\" target=\"_blank\" title=\"Enlla\u00e7 al web N\u00e9ixer al Parc Taul\u00ed\" rel=\"noopener\">N&eacute;ixer al Parc Taul&iacute;<\/a>&rsquo;. L&rsquo;espai est&agrave; adre&ccedil;at a futures mares, a dones embarassades i a aquelles que ja han tingut el seu nad&oacute;, aix&iacute; com als pares, i a tothom que hi pugui estar interessat.<\/p>\n<p style=\"text-align: justify;\"> \tEn aquest espai es pot trobar informaci&oacute; i consells relacionats amb totes les etapes de l&rsquo;embar&agrave;s:<\/p>\n<ul>\n<li> \t\tConsells abans de la gestaci&oacute;<\/li>\n<li> \t\tEmbar&agrave;s: h&agrave;bits saludables, proves, vacunes,&#8230;<\/li>\n<li> \t\tPart: Acompanyament, fases, alleujament del dolor,&#8230;<\/li>\n<li> \t\tPostpart: postpart immediat (pell amb pell), recomanacions durant el puerperi, tr&agrave;mits de naixement,&#8230;<\/li>\n<li> \t\tConsells de lact&agrave;ncia<\/li>\n<li> \t\tEl nad&oacute;<\/li>\n<\/ul>\n<p style=\"text-align: justify;\"> \tDestaquem l&rsquo;apartat &lsquo;<a href=\"http:\/\/www.tauli.cat\/hospital\/neixeralparctauli\/estic-embarassada\/documentacio-recursos-embarassada\" target=\"_blank\" title=\"Enlla\u00e7 a Documentaci\u00f3 i recursos d'inter\u00e9s\" rel=\"noopener\">Documentaci&oacute; i recursos d&rsquo;inter&eacute;s<\/a>&rsquo; amb informaci&oacute; com ara la panereta (canastilla), el pla de part i naixement, recomanacions per a l&rsquo;ingr&eacute;s a la sala de parts i informaci&oacute; sobre els tr&agrave;mits de naixement que s&rsquo;han de realitzar (recentment ja es pot inscriure al nad&oacute; al registre Civil des de l&rsquo;Hospital).<\/p>\n<p style=\"text-align: justify;\"> \tEl Parc Taul&iacute; &eacute;s un hospital d&#39;alta especialitzaci&oacute; preparat per atendre parts d&#39;alt i baix risc. L&rsquo;any 2016 s&rsquo;hi van atendre 2.356 parts.<\/p>\n<h3> \tSessions informatives per a futures mares i pares<\/h3>\n<p style=\"text-align: justify;\"> \tEl Servei de Ginecologia i Obstetr&iacute;cia del Parc Taul&iacute; organitza cada mes una sessi&oacute; informativa, realitzada per una llevadora de sala de parts, en la qual es tracten temes pr&agrave;ctics sobre l&#39;assist&egrave;ncia hospital&agrave;ria al final de l&#39;embar&agrave;s, el part i el postpart. Per a m&eacute;s informaci&oacute; s&rsquo;hi pot contactar a l&rsquo;adre&ccedil;a <a href=\"javascript:void(location.href='mailto:'+String.fromCharCode(97,116,101,110,99,105,111,97,108,112,97,114,116,64,116,97,117,108,105,46,99,97,116))\" title=\"Enlla\u00e7 al mail atencioalpart@tauli.cat\">atencioalpart@tauli.cat<\/a>.<\/p>\n<ul>\n<li class=\"link_document\" style=\"text-align: justify;\"> \t\t<a href=\"https:\/\/www.tauli.cat\/actualitat\/wp-content\/uploads\/2017\/03\/2017_03_15_NP_Neixer_Tauli.pdf\" target=\"_blank\" title=\"Enlla\u00e7 a la nota de premsa en pdf \" rel=\"noopener\">Nota de premsa en pdf<\/a><\/li>\n<\/ul>\n<p style=\"text-align: justify;\"> \t&nbsp;<\/p>\n","gt_translate_keys":[{"key":"rendered","format":"html"}]},"excerpt":{"rendered":"<p style=\"text-align: justify;\"> \tFa uns dies que ha vist la llum el web &lsquo;<a href=\"http:\/\/www.tauli.cat\/hospital\/neixeralparctauli\" target=\"_blank\" title=\"Enlla\u00e7 al web N\u00e9ixer al Parc Taul\u00ed\" rel=\"noopener\">N&eacute;ixer al Parc Taul&iacute;<\/a>&rsquo;. L&rsquo;espai est&agrave; adre&ccedil;at a futures mares, a dones embarassades i a aquelles que ja han tingut el seu nad&oacute;, aix&iacute; com als pares, i a tothom que hi pugui estar interessat.<\/p>\n","protected":false,"gt_translate_keys":[{"key":"rendered","format":"html"}]},"author":1,"featured_media":0,"comment_status":"open","ping_status":"open","sticky":false,"template":"","format":"standard","meta":[],"categories":[1],"tags":[],"gt_translate_keys":[{"key":"link","format":"url"}],"_links":{"self":[{"href":"https:\/\/www.tauli.cat\/actualitat\/wp-json\/wp\/v2\/posts\/1818"}],"collection":[{"href":"https:\/\/www.tauli.cat\/actualitat\/wp-json\/wp\/v2\/posts"}],"about":[{"href":"https:\/\/www.tauli.cat\/actualitat\/wp-json\/wp\/v2\/types\/post"}],"author":[{"embeddable":true,"href":"https:\/\/www.tauli.cat\/actualitat\/wp-json\/wp\/v2\/users\/1"}],"replies":[{"embeddable":true,"href":"https:\/\/www.tauli.cat\/actualitat\/wp-json\/wp\/v2\/comments?post=1818"}],"version-history":[{"count":0,"href":"https:\/\/www.tauli.cat\/actualitat\/wp-json\/wp\/v2\/posts\/1818\/revisions"}],"wp:attachment":[{"href":"https:\/\/www.tauli.cat\/actualitat\/wp-json\/wp\/v2\/media?parent=1818"}],"wp:term":[{"taxonomy":"category","embeddable":true,"href":"https:\/\/www.tauli.cat\/actualitat\/wp-json\/wp\/v2\/categories?post=1818"},{"taxonomy":"post_tag","embeddable":true,"href":"https:\/\/www.tauli.cat\/actualitat\/wp-json\/wp\/v2\/tags?post=1818"}],"curies":[{"name":"wp","href":"https:\/\/api.w.org\/{rel}","templated":true}]}}