{"id":1822,"date":"2017-03-31T11:00:41","date_gmt":"2017-03-31T09:00:41","guid":{"rendered":"http:\/\/www.tauli.cat\/actualitat\/2017\/03\/31\/el-valles-occidental-implicat-en-la-prevencio-del-cancer-colectal-article-de-marisa-bare-i-anna-selva\/"},"modified":"2017-03-31T11:00:41","modified_gmt":"2017-03-31T09:00:41","slug":"el-valles-occidental-implicat-en-la-prevencio-del-cancer-colectal-article-de-marisa-bare-i-anna-selva","status":"publish","type":"post","link":"https:\/\/www.tauli.cat\/actualitat\/noticia\/2017\/03\/el-valles-occidental-implicat-en-la-prevencio-del-cancer-colectal-article-de-marisa-bare-i-anna-selva\/","title":{"rendered":"El Vall\u00e8s Occidental implicat en la prevenci\u00f3 del c\u00e0ncer colorectal. Article de Marisa Bar\u00e9 i Anna Selva","gt_translate_keys":[{"key":"rendered","format":"text"}]},"content":{"rendered":"<p> \tAmb motiu de la celebraci&oacute; avui, 31 de mar&ccedil;, del Dia Mundial contral el c&agrave;ncer colorectal, la coordinadora de l&#39;Oficina de Cribratge del C&agrave;ncer del Parc Taul&iacute;, Marisa Bar&eacute;, i la metgessa de la mateixa oficina, Anna Selva, dediquen un article a la prevenci&oacute; d&#39;aquest tipus de c&agrave;ncer.<\/p>\n<h3 style=\"text-align: center;\"> \tEL Vall&egrave;s Occidental implicat en la prevenci&oacute; del c&agrave;ncer colorectal<\/h3>\n<h6 style=\"text-align: justify;\"> \tMarisa Bar&eacute;, doctora especialista en Medicina Preventiva i Salut P&uacute;blica i professora associada de la UAB. Coordinadora de l&#39;Oficina de Cribratge del C&agrave;ncer de la Corporaci&oacute; Sanit&agrave;ria Parc Taul&iacute;<\/h6>\n<h6 style=\"text-align: justify;\"> \tAnna Selva, metgessa especialista en Medicina Preventiva i Salut P&uacute;blica. Oficina de Cribratge del C&agrave;ncer de la Corporaci&oacute; Sanit&agrave;ria Parc Taul&iacute;<br \/> \t&#8212;&#8212;&#8212;&#8212;&#8212;&#8212;&#8212;&#8212;&#8212;&#8212;&#8212;&#8212;&#8212;&#8212;&#8212;&#8212;&#8212;&#8212;&#8212;&#8212;&#8212;&#8212;&#8212;&#8212;&#8212;&#8212;&#8212;&#8212;&#8212;&#8212;&#8212;&#8212;&#8212;&#8212;&#8212;&#8212;&#8212;&#8212;&#8212;&#8212;&#8212;&#8212;&#8212;&#8212;&#8212;&#8212;&#8212;&#8212;&#8212;&#8212;&#8212;&#8212;&#8212;&#8212;&#8212;&#8212;&#8212;&#8212;&#8212;&#8212;&#8212;&#8212;&#8212;&#8212;&#8211;<\/h6>\n<p style=\"text-align: justify;\"> \t<strong><em>El c&agrave;ncer colorectal &eacute;s el c&agrave;ncer m&eacute;s freq&uuml;ent al nostre medi, afecta a homes i dones indistintament, i la seva incid&egrave;ncia augmenta especialment a partir dels cinquanta anys en endavant. A m&eacute;s, &eacute;s la segona causa de mort per c&agrave;ncer per&ograve;, afortunadament, es pot curar si es detecta a temps.<\/em><\/strong><\/p>\n<p style=\"text-align: justify;\"> \t<em><strong>Com es desenvolupa el c&agrave;ncer de c&ograve;lon i recte?<\/strong><\/em><\/p>\n<p> \tLa majoria es desenvolupen a partir de petites lesions de l&#39;interior del c&ograve;lon o el recte que s&#39;anomenen p&ograve;lips. La seva pres&egrave;ncia &eacute;s freq&uuml;ent entre la poblaci&oacute; i, si no s&#39;extirpen aviat, amb el temps alguns d&#39;ells poden derivar en un c&agrave;ncer.<\/p>\n<p style=\"text-align: justify;\"> \t<em><strong>Quins signes o s&iacute;mptomes poden ser senyal de la pres&egrave;ncia d&#39;aquest tipus de c&agrave;ncer?<\/strong><\/em><\/p>\n<p> \tLa majoria de vegades la persona afectada estar&agrave; asimptom&agrave;tica o tindr&agrave; signes o s&iacute;mptomes inespec&iacute;fics fins que es troba en una fase avan&ccedil;ada. Tot i aix&iacute;, hi ha alguns senyals davant dels quals cal descartar la seva exist&egrave;ncia: an&egrave;mia, deposicions amb sang, canvis en els h&agrave;bits deposicionals (aparici&oacute; de diarrea o estrenyiment en persones que tenien un ritme intestinal normal, o alternan&ccedil;a de per&iacute;odes d&#39;estrenyiment amb per&iacute;odes de diarrea), femtes m&eacute;s estretes, p&egrave;rdua de pes sense causa, cansament inexplicable o dolor abdominal persistent. &Eacute;s molt important consultar al metge al m&eacute;s aviat possible davant la pres&egrave;ncia d&#39;alguns aquests senyals.<\/p>\n<p style=\"text-align: justify;\"> \t<em><strong>Quines s&oacute;n les causes del c&agrave;ncer de c&ograve;lon i recte?<\/strong><\/em><\/p>\n<p> \tMalgrat queda molt cam&iacute; per rec&oacute;rrer des del punt de vista cient&iacute;fic per tal de con&egrave;ixer les seves causes, s&#39;han pogut identificar una s&egrave;rie de factors que poden augmentar la probabilitat de patir-lo. Alguns d&#39;aquests factors no els podem modificar: l&#39;edat (a partir dels 50 anys &eacute;s m&eacute;s freq&uuml;ent), la malaltia inflamat&ograve;ria intestinal (colitis ulcerosa o malaltia de Crohn), els antecedents personals de c&agrave;ncer de c&ograve;lon i recte o de p&ograve;lips, i tamb&eacute; els antecedents familiars propers (pare\/mare, germans\/es o fills\/es), sobre tot si es van detectar en edats relativament joves. D&#39;altres factors coneguts s&iacute; els podem modificar, i tots ells estan relacionats amb els h&agrave;bits o estils de vida.<\/p>\n<p style=\"text-align: justify;\"> \t<em><strong>La nostra salut &eacute;s tamb&eacute; la nostra responsabilitat. Qu&egrave; podem fer per disminuir el risc de c&agrave;ncer colorectal?<\/strong><\/em><\/p>\n<p> \t&Eacute;s molt recomanable seguir uns h&agrave;bits o estils de vida saludables, no nom&eacute;s per disminuir el risc de c&agrave;ncer colorectal sin&oacute; tamb&eacute; per moltes altres malalties cr&ograve;niques. S&#39;aconsella una dieta rica en fruita i verdura i en fibra en general, moderar el consum de carn vermella i greixos i derivats provinents d&#39;aquesta (vedella, xai i rellom de porc, per exemple) aix&iacute; com de carn processada; en definitiva, refor&ccedil;ar la dieta mediterr&agrave;nia ja des de la infantesa i mantenir-la al llarg de la vida. &Eacute;s important fer activitat f&iacute;sica de forma regular adaptada a cada persona. Sens dubte, beure alcohol en quantitat important, aix&iacute; com l&#39;exc&eacute;s de pes, s&oacute;n h&agrave;bits o situacions gens aconsellables, mentre que cal evitar absolutament qualsevol tipus de consum de tabac.<br \/> \tIndependentment de seguir aquestes recomanacions, les persones que tenen entre 50 i 69 anys poden participar en el Programa de Detecci&oacute; Preco&ccedil; del C&agrave;ncer de c&ograve;lon i recte.<\/p>\n<p style=\"text-align: justify;\"> \t<em><strong>En qu&egrave; consisteix el Programa de detecci&oacute; Preco&ccedil; del c&agrave;ncer de c&ograve;lon i recte?<\/strong><\/em><\/p>\n<p> \tEls p&ograve;lips i el c&agrave;ncer colorectal, tot i ser molt sovint asimptom&agrave;tics, poden sagnar de forma intermitent sense que es pugui detectar a simple vista. Existeixen diversos m&egrave;todes per a detectar aquestes lesions de forma preco&ccedil;, entre els quals, la prova immunol&ograve;gica de detecci&oacute; de sang oculta en femta, &eacute;s la m&eacute;s senzilla, v&agrave;lida, acceptada i c&ograve;moda. De fet, hi ha estudis que demostren que la seva utilitzaci&oacute; com a t&egrave;cnica inicial de detecci&oacute; preco&ccedil; o cribratge, quan no hi ha antecedents de risc, pot conduir a una reducci&oacute; de la mortalitat per c&agrave;ncer colorectal a llarg termini.<\/p>\n<p style=\"text-align: justify;\"> \t&Eacute;s per aix&ograve; que a l&#39;octubre del 2015, el Programa dirigit a dones i homes de 50 a 69 anys es va iniciar al Vall&egrave;s Occidental, coordinat per l&#39;Oficina de Cribratge del C&agrave;ncer del Parc Taul&iacute;. El Programa ofereix la prova de forma gratu&iuml;ta (es recull a la farm&agrave;cia i es realitza a casa), per detectar si hi ha petites quantitats de sang a la femta que no es veurien a simple vista.<\/p>\n<p style=\"text-align: justify;\"> \tSi la prova surt negativa, es torna a convidar als 2 anys. Si &eacute;s positiva, s&#39;ofereix realitzar una colonosc&ograve;pia a l&#39;hospital de refer&egrave;ncia que pertoqui per zona (Parc Taul&iacute;, Consorci Sanitari de Terrassa o M&uacute;tua de Terrassa) per part de professionals amb molta experi&egrave;ncia qui detecten i extirpen tots els p&ograve;lips per al seu an&agrave;lisi anatomopatol&ograve;gic posterior. Nom&eacute;s en un 5% de les colonosc&ograve;pies de cribratge es detecta un c&agrave;ncer. Fins l&#39;actualitat, s&#39;han detectat 86 c&agrave;ncers entre les persones participants.<\/p>\n<p style=\"text-align: justify;\"> \t&#8212;&#8212;&#8212;&#8212;&#8212;&#8212;&#8212;&#8212;&#8212;&#8212;&#8212;&#8212;&#8212;&#8212;&#8212;&#8212;&#8212;&#8212;&#8212;&#8212;&#8212;&#8212;&#8212;&#8212;&#8212;&#8212;&#8212;&#8212;&#8212;&#8212;&#8212;&#8212;&#8212;&#8212;&#8212;&#8212;&#8212;&#8212;&#8212;&#8212;&#8212;&#8212;&#8212;&#8212;&#8212;&#8212;&#8212;&#8212;&#8212;&#8212;&#8212;&#8212;&#8212;&#8212;&#8212;&#8212;&#8212;&#8212;&#8212;&#8212;&#8212;&#8212;&#8212;&#8212;&#8212;-<\/p>\n<p style=\"text-align: justify;\"> \tPer a m&eacute;s informaci&oacute;:<br \/> \tOficina de Cribratge de C&agrave;ncer del Parc Taul&iacute;<br \/> \tTel. 936 933 149 &#8211; 937 458 378;<br \/> \te-mail: prevenciocolon@tauli.cat;<a href=\"http:\/\/www.tauli.cat\/tauli\/cdcdcir\"> http:\/\/www.tauli.cat\/tauli\/cdcdcir\/<\/a>)<br \/> \t&nbsp;<\/p>\n","gt_translate_keys":[{"key":"rendered","format":"html"}]},"excerpt":{"rendered":"<p> \tAmb motiu de la celebraci&oacute; avui, 31 de mar&ccedil;, del Dia Mundial contral el c&agrave;ncer colorectal, la coordinadora de l&#39;Oficina de Cribratge del C&agrave;ncer del Parc Taul&iacute;, Marisa Bar&eacute;, i la metgessa de la mateixa oficina, Anna Selva, dediquen un article a la prevenci&oacute; d&#39;aquest tipus de c&agrave;ncer.<\/p>\n","protected":false,"gt_translate_keys":[{"key":"rendered","format":"html"}]},"author":1,"featured_media":0,"comment_status":"open","ping_status":"open","sticky":false,"template":"","format":"standard","meta":[],"categories":[1],"tags":[],"gt_translate_keys":[{"key":"link","format":"url"}],"_links":{"self":[{"href":"https:\/\/www.tauli.cat\/actualitat\/wp-json\/wp\/v2\/posts\/1822"}],"collection":[{"href":"https:\/\/www.tauli.cat\/actualitat\/wp-json\/wp\/v2\/posts"}],"about":[{"href":"https:\/\/www.tauli.cat\/actualitat\/wp-json\/wp\/v2\/types\/post"}],"author":[{"embeddable":true,"href":"https:\/\/www.tauli.cat\/actualitat\/wp-json\/wp\/v2\/users\/1"}],"replies":[{"embeddable":true,"href":"https:\/\/www.tauli.cat\/actualitat\/wp-json\/wp\/v2\/comments?post=1822"}],"version-history":[{"count":0,"href":"https:\/\/www.tauli.cat\/actualitat\/wp-json\/wp\/v2\/posts\/1822\/revisions"}],"wp:attachment":[{"href":"https:\/\/www.tauli.cat\/actualitat\/wp-json\/wp\/v2\/media?parent=1822"}],"wp:term":[{"taxonomy":"category","embeddable":true,"href":"https:\/\/www.tauli.cat\/actualitat\/wp-json\/wp\/v2\/categories?post=1822"},{"taxonomy":"post_tag","embeddable":true,"href":"https:\/\/www.tauli.cat\/actualitat\/wp-json\/wp\/v2\/tags?post=1822"}],"curies":[{"name":"wp","href":"https:\/\/api.w.org\/{rel}","templated":true}]}}