{"id":1835,"date":"2017-04-27T11:58:12","date_gmt":"2017-04-27T09:58:12","guid":{"rendered":"http:\/\/www.tauli.cat\/actualitat\/2017\/04\/27\/fot-2017\/"},"modified":"2017-04-27T11:58:12","modified_gmt":"2017-04-27T09:58:12","slug":"fot-2017","status":"publish","type":"post","link":"https:\/\/www.tauli.cat\/actualitat\/noticia\/2017\/04\/fot-2017\/","title":{"rendered":"La Fundaci\u00f3 Olga Torres destina 120.000 euros anuals a finan\u00e7ar projectes de recerca sobre c\u00e0ncer de c\u00f2lon","gt_translate_keys":[{"key":"rendered","format":"text"}]},"content":{"rendered":"<p style=\"text-align: justify;\"> \tL&rsquo;Auditori de la Corporaci&oacute; Sanit&agrave;ria Parc Taul&iacute; acollir&agrave; el dimecres, 3 de maig, l&rsquo;acte de lliurament de les beques FOT de la convocat&ograve;ria 2016\/2017<\/p>\n<p style=\"text-align: justify;\"> \tEl proper dimecres 3 de maig, a les 13 h, l&rsquo;Auditori Taul&iacute; acollir&agrave; l&rsquo;acte de lliurament de les beques postdoctorals d&rsquo;investigaci&oacute; sobre c&agrave;ncer de c&ograve;lon de la Fundaci&oacute; Olga Torres (FOT) en la seva dotzena edici&oacute;.<\/p>\n<p style=\"text-align: justify;\"> \tEn el decurs de l&rsquo;acte, el Dr. Lu&iacute;s Antonio Hidalgo, coordinador de la Unitat de Cirurgia Colorectal de l&rsquo;Hospital de Matar&oacute; i president de l&rsquo;Asociaci&oacute;n Espa&ntilde;ola de Cirurg&iacute;a Mayor Ambulatoria, pronunciar&agrave; la confer&egrave;ncia: &ldquo;&Eacute;s possible un tractament no quir&uacute;rgic del c&agrave;ncer de recte?&rdquo;<\/p>\n<p style=\"text-align: justify;\"> \tL&rsquo;acte t&eacute; car&agrave;cter p&uacute;blic i compta amb la col&middot;laboraci&oacute; de la Corporaci&oacute; Sanit&agrave;ria Parc Taul&iacute;, l&rsquo;Acad&egrave;mia de Ci&egrave;ncies M&egrave;diques i de la Salut de Catalunya i Balears i la Societat Catalana de Cirurgia.<\/p>\n<p style=\"text-align: justify;\"> \tLa<a href=\"http:\/\/www.fundacioolgatorres.org\/\" target=\"_blank\" rel=\"noopener\"> Fundaci&oacute; Olga Torres<\/a> &eacute;s una fundaci&oacute; privada sabadellenca sense &agrave;nim de lucre que ha centrat el seu camp d&rsquo;actuaci&oacute; en la recerca sobre el c&agrave;ncer de c&ograve;lon a trav&eacute;s de la concessi&oacute; de beques per a finan&ccedil;ar els projectes que selecciona en la seva convocat&ograve;ria anual, els qual es desenvolupen en centres d&rsquo;investigaci&oacute; o instituts especialitzats. Els recursos de la fundaci&oacute; provenen de la gesti&oacute; del seu patrimoni i les donacions dels ciutadans. Des de 2005, quan es va iniciar la convocat&ograve;ria de beques, el volum d&rsquo;ajuts concedits supera el mili&oacute; d&rsquo;euros. Aquesta any, <strong>la FOT ha estat guardonada pel Govern de la Generalitat amb la Creu de Sant Jordi 2017.<\/strong><\/p>\n<p style=\"text-align: center;\"> \t<strong><\/strong><\/p>\n","gt_translate_keys":[{"key":"rendered","format":"html"}]},"excerpt":{"rendered":"<p style=\"text-align: justify;\"> \tL&rsquo;Auditori de la Corporaci&oacute; Sanit&agrave;ria Parc Taul&iacute; acollir&agrave; el dimecres, 3 de maig, l&rsquo;acte de lliurament de les beques FOT de la convocat&ograve;ria 2016\/2017<\/p>\n","protected":false,"gt_translate_keys":[{"key":"rendered","format":"html"}]},"author":1,"featured_media":1834,"comment_status":"open","ping_status":"open","sticky":false,"template":"","format":"standard","meta":[],"categories":[1],"tags":[],"gt_translate_keys":[{"key":"link","format":"url"}],"_links":{"self":[{"href":"https:\/\/www.tauli.cat\/actualitat\/wp-json\/wp\/v2\/posts\/1835"}],"collection":[{"href":"https:\/\/www.tauli.cat\/actualitat\/wp-json\/wp\/v2\/posts"}],"about":[{"href":"https:\/\/www.tauli.cat\/actualitat\/wp-json\/wp\/v2\/types\/post"}],"author":[{"embeddable":true,"href":"https:\/\/www.tauli.cat\/actualitat\/wp-json\/wp\/v2\/users\/1"}],"replies":[{"embeddable":true,"href":"https:\/\/www.tauli.cat\/actualitat\/wp-json\/wp\/v2\/comments?post=1835"}],"version-history":[{"count":0,"href":"https:\/\/www.tauli.cat\/actualitat\/wp-json\/wp\/v2\/posts\/1835\/revisions"}],"wp:featuredmedia":[{"embeddable":true,"href":"https:\/\/www.tauli.cat\/actualitat\/wp-json\/wp\/v2\/media\/1834"}],"wp:attachment":[{"href":"https:\/\/www.tauli.cat\/actualitat\/wp-json\/wp\/v2\/media?parent=1835"}],"wp:term":[{"taxonomy":"category","embeddable":true,"href":"https:\/\/www.tauli.cat\/actualitat\/wp-json\/wp\/v2\/categories?post=1835"},{"taxonomy":"post_tag","embeddable":true,"href":"https:\/\/www.tauli.cat\/actualitat\/wp-json\/wp\/v2\/tags?post=1835"}],"curies":[{"name":"wp","href":"https:\/\/api.w.org\/{rel}","templated":true}]}}