{"id":1845,"date":"2017-05-04T14:24:47","date_gmt":"2017-05-04T12:24:47","guid":{"rendered":"http:\/\/www.tauli.cat\/actualitat\/2017\/05\/04\/el-parc-tauli-va-acollir-ahir-lacte-de-lliurament-de-les-beques-de-la-fundacio-olga-torres-per-a-treballs-de-recerca-sobre-cancer-de-colon\/"},"modified":"2017-05-04T14:24:47","modified_gmt":"2017-05-04T12:24:47","slug":"el-parc-tauli-va-acollir-ahir-lacte-de-lliurament-de-les-beques-de-la-fundacio-olga-torres-per-a-treballs-de-recerca-sobre-cancer-de-colon","status":"publish","type":"post","link":"https:\/\/www.tauli.cat\/actualitat\/noticia\/2017\/05\/el-parc-tauli-va-acollir-ahir-lacte-de-lliurament-de-les-beques-de-la-fundacio-olga-torres-per-a-treballs-de-recerca-sobre-cancer-de-colon\/","title":{"rendered":"El Parc Taul\u00ed va acollir ahir l\u2019acte de lliurament de les beques de la Fundaci\u00f3 Olga Torres per a treballs de recerca sobre c\u00e0ncer de c\u00f2lon","gt_translate_keys":[{"key":"rendered","format":"text"}]},"content":{"rendered":"<p style=\"text-align: justify;\"> \tLa Fundaci&oacute; Olga Torres (FOT) destina 120.000 euros anuals a finan&ccedil;ar projectes de recerca sobre c&agrave;ncer de c&ograve;lon. La FOT ha rebut aquest any la Creu de Sant Jordi atorgada pel Govern de la GeneralitatLa Fundaci&oacute; Olga Torres (FOT) destina 120.000 euros anuals a finan&ccedil;ar projectes de recerca sobre c&agrave;ncer de c&ograve;lon. La FOT ha rebut aquest any la Creu de Sant Jordi atorgada pel Govern de la Generalitat.<\/p>\n<p style=\"text-align: justify;\"> \tL&rsquo;Auditori Taul&iacute; va acollir ahir, 3 de maig, el lliurament de les beques que anualment atorga la <a href=\"http:\/\/www.fundacionolgatorres.org\/\" target=\"_blank\" rel=\"noopener\">Fundaci&oacute; Olga Torres<\/a> (FOT) per a treballs d&rsquo;investigaci&oacute; sobre c&agrave;ncer de c&ograve;lon. L&rsquo;acte va comptar amb el suport i la col&middot;laboraci&oacute; de la Corporaci&oacute; Sanit&agrave;ria Parc Taul&iacute; i la Fundaci&oacute; Parc Taul&iacute; i de l&rsquo;Acad&egrave;mia de Ci&egrave;ncies M&egrave;diques i de la Salut de Catalunya i Balears. Els projectes guanyadors han estat atorgats al Dr. Eduard Batlle G&oacute;mez i al Dr. Francesco Paolo Marchese.<\/p>\n<p style=\"text-align: justify;\"> \tL&rsquo;acte va ser presidit pel tinent d&rsquo;alcalde de l&rsquo;Ajuntament de Sabadell, Joan Berlanga, el president de la FOT, Josep Bombard&oacute;, el president del Parc Taul&iacute;, Modesto Custodio, el coordinador de la Unitat de Cirurgia Colorectal de l&rsquo;Hospital de Matar&oacute; i president de l&rsquo;Asociaci&oacute;n Espa&ntilde;ola de Cirurgia Major, Llu&iacute;s Hidalgo i pel representat de l&rsquo;Acad&egrave;mia de Ci&egrave;ncia M&egrave;diques, Eugeni Saig&iacute;.<\/p>\n<p style=\"text-align: justify;\"> \tEl president del Parc Taul&iacute; va manifestar la satisfacci&oacute; de la instituci&oacute; en acollir novament aquest acte i de poder col&middot;laborar amb la FOT, una fundaci&oacute; que juntament amb la Fundaci&oacute; Parc Taul&iacute; s&oacute;n dos referents en recerca a l&rsquo;&agrave;rea del Vall&egrave;s. Custodio, i tots els membres de la taula, van felicitar la FOT per l&rsquo;atorgament de la Creu de Sant Jordi de la Generalitat de Catalunya i que, justament ahir a la tarda, els membres de la fundaci&oacute; van recollir a Barcelona. La sol&middot;licitud de l&rsquo;atorgament del guard&oacute; a la FOT es va fer a inst&agrave;ncies del Parc Taul&iacute;.<\/p>\n<p style=\"text-align: justify;\"> \tEn el decurs de l&rsquo;acte de lliurament de les beques, el Dr. Lu&iacute;s Antonio Hidalgo va pronunciar la confer&egrave;ncia &ldquo;&Eacute;s possible un tractament no quir&uacute;rgic del c&agrave;ncer de recte?&rdquo;. La clausura va anar a c&agrave;rrec del president de la Fundaci&oacute; Olga Torres, Josep Bombard&oacute;, i del tinent d&rsquo;alcalde de l&rsquo;Ajuntament de Sabadell, Joan Berlanga.<\/p>\n<h4 style=\"text-align: justify;\"> \tSobre la Fundaci&oacute; Olga Torres<\/h4>\n<p style=\"text-align: justify;\"> \tLa FOT &eacute;s una fundaci&oacute; privada sense &agrave;nim de lucre dedicada a la investigaci&oacute; del c&agrave;ncer i ha focalitzat la seva actuaci&oacute; en la recerca sobre el c&agrave;ncer de c&ograve;lon perqu&egrave; &eacute;s una de les patologies que avui t&eacute; m&eacute;s incid&egrave;ncia entre la poblaci&oacute; i afecta indiscriminadament homes i dones. Els seus objectius s&oacute;n promoure la investigaci&oacute; cient&iacute;fica, tecnol&ograve;gica i social al m&eacute;s alt nivell, enquadrant-la en el marc universitari, centres d&rsquo;investigaci&oacute; o instituts especialitzats.<\/p>\n<p style=\"text-align: justify;\"> \tLa FOT destina els seus recursos a dotar anualment unes beques per a desenvolupar projectes de recerca sobre el c&agrave;ncer colorectal. En l&rsquo;acte d&rsquo;ahir es van lliurar les beques als guanyadors de la convocat&ograve;ria 2016-2017. Ja est&agrave; obert el termini per a la presentaci&oacute; de Projectes a la convocat&ograve;ria de 2017-2018, en la qual s&rsquo;ofereixen altres dues beques de 60.000 &euro; cadascuna.<\/p>\n<h5 style=\"text-align: center;\"> \t<strong>Projectes guanyadors de les beques postdoctorals de recerca sobre c&agrave;ncer de c&ograve;lon de la Convocat&ograve;ria 2015-2016<br \/> \tFundaci&oacute; Olga Torres<\/strong><\/h5>\n<p style=\"text-align: justify;\"> \tModalitat A) Investigadors consolidats<\/p>\n<p style=\"text-align: justify;\"> \t<strong>Dr. Eduard Batlle G&oacute;mez<\/strong><br \/> \tFundaci&oacute; Institut de Recerca Biom&egrave;dica. (IRB Barcelona)<br \/> \tProjecte &ldquo;Evaluating immunotherapies in a preclinical model of metastatic colorectal cancer&rdquo;<br \/> \tImport: 60.000 &euro;<\/p>\n<p style=\"text-align: justify;\"> \tModalitat B) Investigadors emergents<\/p>\n<p style=\"text-align: justify;\"> \t<strong>Dr. Francesco Paolo Marchese<\/strong><br \/> \tCentro de Investigaci&oacute;n M&eacute;dica Aplicada. (CIMA. Universidad de Navarra. Pamplona).<br \/> \tProjecte: &ldquo;Long noncoding RNAs as therapeutic targets in colorectal cancer&rdquo;&rdquo;<br \/> \tImport: 60.000 &euro;<\/p>\n<p class=\"link_document\" style=\"text-align: justify;\"> \t<a href=\"https:\/\/www.tauli.cat\/actualitat\/wp-content\/uploads\/2017\/05\/2017_05_03_NP_ActeBquesFOT_post1.pdf\">Nota de premsa en pdf<\/a><\/p>\n<p style=\"text-align: justify;\"> \t&nbsp;<\/p>\n","gt_translate_keys":[{"key":"rendered","format":"html"}]},"excerpt":{"rendered":"<p style=\"text-align: justify;\"> \tLa Fundaci&oacute; Olga Torres (FOT) destina 120.000 euros anuals a finan&ccedil;ar projectes de recerca sobre c&agrave;ncer de c&ograve;lon. La FOT ha rebut aquest any la Creu de Sant Jordi atorgada pel Govern de la GeneralitatLa Fundaci&oacute; Olga Torres (FOT) destina 120.000 euros anuals a finan&ccedil;ar projectes de recerca sobre c&agrave;ncer de c&ograve;lon. La FOT ha rebut aquest any la Creu de Sant Jordi atorgada pel Govern de la Generalitat.<\/p>\n","protected":false,"gt_translate_keys":[{"key":"rendered","format":"html"}]},"author":1,"featured_media":0,"comment_status":"open","ping_status":"open","sticky":false,"template":"","format":"standard","meta":[],"categories":[1],"tags":[],"gt_translate_keys":[{"key":"link","format":"url"}],"_links":{"self":[{"href":"https:\/\/www.tauli.cat\/actualitat\/wp-json\/wp\/v2\/posts\/1845"}],"collection":[{"href":"https:\/\/www.tauli.cat\/actualitat\/wp-json\/wp\/v2\/posts"}],"about":[{"href":"https:\/\/www.tauli.cat\/actualitat\/wp-json\/wp\/v2\/types\/post"}],"author":[{"embeddable":true,"href":"https:\/\/www.tauli.cat\/actualitat\/wp-json\/wp\/v2\/users\/1"}],"replies":[{"embeddable":true,"href":"https:\/\/www.tauli.cat\/actualitat\/wp-json\/wp\/v2\/comments?post=1845"}],"version-history":[{"count":0,"href":"https:\/\/www.tauli.cat\/actualitat\/wp-json\/wp\/v2\/posts\/1845\/revisions"}],"wp:attachment":[{"href":"https:\/\/www.tauli.cat\/actualitat\/wp-json\/wp\/v2\/media?parent=1845"}],"wp:term":[{"taxonomy":"category","embeddable":true,"href":"https:\/\/www.tauli.cat\/actualitat\/wp-json\/wp\/v2\/categories?post=1845"},{"taxonomy":"post_tag","embeddable":true,"href":"https:\/\/www.tauli.cat\/actualitat\/wp-json\/wp\/v2\/tags?post=1845"}],"curies":[{"name":"wp","href":"https:\/\/api.w.org\/{rel}","templated":true}]}}