{"id":1849,"date":"2017-05-12T13:54:53","date_gmt":"2017-05-12T11:54:53","guid":{"rendered":"http:\/\/www.tauli.cat\/actualitat\/2017\/05\/12\/el-parc-tauli-desplega-el-programa-de-deteccio-precoc-del-cancer-de-colon-a-cerdanyola\/"},"modified":"2017-05-12T13:54:53","modified_gmt":"2017-05-12T11:54:53","slug":"el-parc-tauli-desplega-el-programa-de-deteccio-precoc-del-cancer-de-colon-a-cerdanyola","status":"publish","type":"post","link":"https:\/\/www.tauli.cat\/actualitat\/noticia\/2017\/05\/el-parc-tauli-desplega-el-programa-de-deteccio-precoc-del-cancer-de-colon-a-cerdanyola\/","title":{"rendered":"El Parc Taul\u00ed desplega el Programa de detecci\u00f3 preco\u00e7 del c\u00e0ncer de c\u00f2lon a Cerdanyola del Vall\u00e8s","gt_translate_keys":[{"key":"rendered","format":"text"}]},"content":{"rendered":"<p style=\"text-align: justify;\"> \tA l&#39;acte de presentaci&oacute; del desplegament del Programa, celebrat a l&rsquo;Ajuntament de Cerdanyola del Vall&egrave;s, han assistit la regidora de Salut P&uacute;blica, Elvi Vila; el director dels sectors sanitaris del Baix Llobregat Nord i Vall&egrave;s Occidental, Joan Parellada; la coordinadora de l&rsquo;Oficina T&egrave;cnica de Cribratge, Marisa Bar&eacute;, la directora executiva de l&rsquo;Hospital de Sabadell, Cristina Carod i la t&egrave;cnica de Salut P&uacute;blica de l&#39;Ajuntament de Cerdanyola del Vall&egrave;s, Eva Ozcoz.<\/p>\n<p style=\"text-align: justify;\"> \tEl Programa va adre&ccedil;at a tots els homes i dones de 50 a 69 anys d&rsquo;edat i ofereix la&nbsp;possibilitat de realitzar, cada dos anys i de manera gratu&iuml;ta, una prova senzilla per&nbsp;detectar un c&agrave;ncer o una lesi&oacute; precancerosa. El desplegament del programa es fa en col&middot;laboraci&oacute; amb les farm&agrave;cies, els hospitals&nbsp;i els equips d&rsquo;atenci&oacute; prim&agrave;ria de la zona. En els propers dies, les persones que&nbsp;estiguin en aquesta franja d&rsquo;edat rebran una carta on se&#39;ls explicar&agrave; el funcionament&nbsp;de la prova.<\/p>\n<p style=\"text-align: justify;\"> \tL&rsquo;<a href=\"http:\/\/www.tauli.cat\/tauli\/cdcdcir\" target=\"_blank\" rel=\"noopener\">Oficina T&egrave;cnica de Cribratge de C&agrave;ncer del Parc Taul&iacute;<\/a> gestiona el programa al&nbsp;Vall&egrave;s Occidental. Aquesta s&rsquo;encarrega de la gesti&oacute;, el seguiment i l&rsquo;avaluaci&oacute; del&nbsp;cribratge (t&egrave;cnica utilitzada en una poblaci&oacute; per detectar una malaltia en els individus&nbsp;sense signes o s&iacute;mptomes de partir-la a tot el territori. La poblaci&oacute; diana del Programa al Vall&egrave;s Occidental s&oacute;n els homes i les dones&nbsp;d&rsquo;entre 50 i 69 anys el que implica una poblaci&oacute; de prop de 200.000 habitants. Aquest&nbsp;c&agrave;ncer es pot desenvolupar durant mesos sense produir mol&egrave;sties i sovint, quan&nbsp;aquestes apareixen, la malaltia ja est&agrave; for&ccedil;a avan&ccedil;ada.<\/p>\n<p> \tEls programes de detecci&oacute; preco&ccedil; permeten descobrir la malaltia en estadis inicials,&nbsp;la qual cosa fa que sigui m&eacute;s f&agrave;cil de tractar i n&rsquo;augmenta les possibilitats de curaci&oacute;.<\/p>\n","gt_translate_keys":[{"key":"rendered","format":"html"}]},"excerpt":{"rendered":"<p style=\"text-align: justify;\"> \tA l&#39;acte de presentaci&oacute; del desplegament del Programa, celebrat a l&rsquo;Ajuntament de Cerdanyola del Vall&egrave;s, han assistit la regidora de Salut P&uacute;blica, Elvi Vila; el director dels sectors sanitaris del Baix Llobregat Nord i Vall&egrave;s Occidental, Joan Parellada; la coordinadora de l&rsquo;Oficina T&egrave;cnica de Cribratge, Marisa Bar&eacute;, la directora executiva de l&rsquo;Hospital de Sabadell, Cristina Carod i la t&egrave;cnica de Salut P&uacute;blica de l&#39;Ajuntament de Cerdanyola del Vall&egrave;s, Eva Ozcoz.<\/p>\n","protected":false,"gt_translate_keys":[{"key":"rendered","format":"html"}]},"author":1,"featured_media":0,"comment_status":"open","ping_status":"open","sticky":false,"template":"","format":"standard","meta":[],"categories":[1],"tags":[],"gt_translate_keys":[{"key":"link","format":"url"}],"_links":{"self":[{"href":"https:\/\/www.tauli.cat\/actualitat\/wp-json\/wp\/v2\/posts\/1849"}],"collection":[{"href":"https:\/\/www.tauli.cat\/actualitat\/wp-json\/wp\/v2\/posts"}],"about":[{"href":"https:\/\/www.tauli.cat\/actualitat\/wp-json\/wp\/v2\/types\/post"}],"author":[{"embeddable":true,"href":"https:\/\/www.tauli.cat\/actualitat\/wp-json\/wp\/v2\/users\/1"}],"replies":[{"embeddable":true,"href":"https:\/\/www.tauli.cat\/actualitat\/wp-json\/wp\/v2\/comments?post=1849"}],"version-history":[{"count":0,"href":"https:\/\/www.tauli.cat\/actualitat\/wp-json\/wp\/v2\/posts\/1849\/revisions"}],"wp:attachment":[{"href":"https:\/\/www.tauli.cat\/actualitat\/wp-json\/wp\/v2\/media?parent=1849"}],"wp:term":[{"taxonomy":"category","embeddable":true,"href":"https:\/\/www.tauli.cat\/actualitat\/wp-json\/wp\/v2\/categories?post=1849"},{"taxonomy":"post_tag","embeddable":true,"href":"https:\/\/www.tauli.cat\/actualitat\/wp-json\/wp\/v2\/tags?post=1849"}],"curies":[{"name":"wp","href":"https:\/\/api.w.org\/{rel}","templated":true}]}}