{"id":1884,"date":"2017-06-22T16:26:22","date_gmt":"2017-06-22T14:26:22","guid":{"rendered":"http:\/\/www.tauli.cat\/actualitat\/2017\/06\/22\/la-reparacio-dels-danys-provocats-avui-al-parc-tauli-pels-iaioflautes-de-sabadell-tindra-un-cost-de-5-000-euros\/"},"modified":"2017-06-22T16:26:22","modified_gmt":"2017-06-22T14:26:22","slug":"la-reparacio-dels-danys-provocats-avui-al-parc-tauli-pels-iaioflautes-de-sabadell-tindra-un-cost-de-5-000-euros","status":"publish","type":"post","link":"https:\/\/www.tauli.cat\/actualitat\/noticia\/2017\/06\/la-reparacio-dels-danys-provocats-avui-al-parc-tauli-pels-iaioflautes-de-sabadell-tindra-un-cost-de-5-000-euros\/","title":{"rendered":"La reparaci\u00f3 dels danys provocats avui al Parc Taul\u00ed pels Iaioflautes de Sabadell tindr\u00e0 un cost de 5.000 euros","gt_translate_keys":[{"key":"rendered","format":"text"}]},"content":{"rendered":"<p> \tEl Parc Taul&iacute; es veu en l&rsquo;obligaci&oacute; de denunciar p&uacute;blicament els fets ocorreguts avui a l&rsquo;edifici Taul&iacute;, quan el col&middot;lectiu Iaioflautes ha irromput a les instal&middot;lacions sanit&agrave;ries i ha provocat danys valorats en 5.000 euros.<\/p>\n<p> \tEls fets han ocorregut als volts de les 11 del mat&iacute;, quan una vintena de persones, identificades com a membres del col&middot;lectiu Iaioflautes, han irromput a les instal&middot;lacions i han omplert vidres, parets, panells de fusta, ascensors i mobiliari del vest&iacute;bul, aix&iacute; com de les diferents plantes, d&rsquo;adhesius de forta adher&egrave;ncia. El material enganxat &eacute;s impossible d&rsquo;extreure sense rec&oacute;rrer a una empresa externa especialitzada en aquests tipus de danys. S&rsquo;estima que el cost d&rsquo;extreure els adhesius i de reparar la pintura i la fusta malmesa pujar&agrave; a uns 5.000 euros.<\/p>\n<p> \tDes del Parc Taul&iacute; considerem que, tot i que &eacute;s del tot leg&iacute;tima la reivindicaci&oacute; p&uacute;blica dels diferents col&middot;lectius ciutadans, en cap cas s&oacute;n admissibles comportaments inc&iacute;vics i deplorables com els que s&rsquo;han viscut avui al Parc Taul&iacute;. Fets com aquest en absolut beneficien a ning&uacute;, ans al contrari, perjudiquen a tots, ja que el cost de la reparaci&oacute; dels danys ocasionats s&rsquo;haur&agrave; de fer amb diners p&uacute;blics.<\/p>\n","gt_translate_keys":[{"key":"rendered","format":"html"}]},"excerpt":{"rendered":"<p> \tEl Parc Taul&iacute; es veu en l&rsquo;obligaci&oacute; de denunciar p&uacute;blicament els fets ocorreguts avui a l&rsquo;edifici Taul&iacute;, quan el col&middot;lectiu Iaioflautes ha irromput a les instal&middot;lacions sanit&agrave;ries i ha provocat danys valorats en 5.000 euros.<\/p>\n","protected":false,"gt_translate_keys":[{"key":"rendered","format":"html"}]},"author":1,"featured_media":0,"comment_status":"open","ping_status":"open","sticky":false,"template":"","format":"standard","meta":[],"categories":[1],"tags":[],"gt_translate_keys":[{"key":"link","format":"url"}],"_links":{"self":[{"href":"https:\/\/www.tauli.cat\/actualitat\/wp-json\/wp\/v2\/posts\/1884"}],"collection":[{"href":"https:\/\/www.tauli.cat\/actualitat\/wp-json\/wp\/v2\/posts"}],"about":[{"href":"https:\/\/www.tauli.cat\/actualitat\/wp-json\/wp\/v2\/types\/post"}],"author":[{"embeddable":true,"href":"https:\/\/www.tauli.cat\/actualitat\/wp-json\/wp\/v2\/users\/1"}],"replies":[{"embeddable":true,"href":"https:\/\/www.tauli.cat\/actualitat\/wp-json\/wp\/v2\/comments?post=1884"}],"version-history":[{"count":0,"href":"https:\/\/www.tauli.cat\/actualitat\/wp-json\/wp\/v2\/posts\/1884\/revisions"}],"wp:attachment":[{"href":"https:\/\/www.tauli.cat\/actualitat\/wp-json\/wp\/v2\/media?parent=1884"}],"wp:term":[{"taxonomy":"category","embeddable":true,"href":"https:\/\/www.tauli.cat\/actualitat\/wp-json\/wp\/v2\/categories?post=1884"},{"taxonomy":"post_tag","embeddable":true,"href":"https:\/\/www.tauli.cat\/actualitat\/wp-json\/wp\/v2\/tags?post=1884"}],"curies":[{"name":"wp","href":"https:\/\/api.w.org\/{rel}","templated":true}]}}