{"id":2190,"date":"2018-12-19T15:02:34","date_gmt":"2018-12-19T13:02:34","guid":{"rendered":"http:\/\/www.tauli.cat\/actualitat\/2018\/12\/19\/el-parc-tauli-aporta-130-000-euros-a-projectes-de-recerca-i-innovacio-de-professionals-de-la-institucio\/"},"modified":"2018-12-19T15:02:34","modified_gmt":"2018-12-19T13:02:34","slug":"el-parc-tauli-aporta-130-000-euros-a-projectes-de-recerca-i-innovacio-de-professionals-de-la-institucio","status":"publish","type":"post","link":"https:\/\/www.tauli.cat\/actualitat\/noticia\/2018\/12\/el-parc-tauli-aporta-130-000-euros-a-projectes-de-recerca-i-innovacio-de-professionals-de-la-institucio\/","title":{"rendered":"El Parc Taul\u00ed aporta 130.000 euros a projectes  de recerca i innovaci\u00f3 de professionals de la instituci\u00f3","gt_translate_keys":[{"key":"rendered","format":"text"}]},"content":{"rendered":"<p> \tL&rsquo;Auditori Taul&iacute; acull el dimecres, 20 de desembre, l&rsquo;acte de lliurament de les Beques Taul&iacute; en la seva 20a edici&oacute;. Comptarem amb la pres&egrave;ncia d&rsquo;una conferenciant de prestigi, la Dra. Anna Veiga, que impartir&agrave; la confer&egrave;ncia magistral &ldquo;C&egrave;l&middot;lules mare pluripotents: recerca i aplicaci&oacute; cl&iacute;nica&rdquo;.<\/p>\n<p style=\"text-align: justify;\"> \tL&rsquo;Auditori Taul&iacute; acollir&agrave; dem&agrave; dimecres, 20 de desembre, a les 13 h, l&rsquo;acte de lliurament de les Beques Taul&iacute; en la seva 20a edici&oacute;. En el decurs de l&rsquo;acte comptarem amb una conferenciant de prestigi com &eacute;s la doctora Anna Veiga. La Dra. Veiga &eacute;s, des de 2005, la directora del Banc de L&iacute;nies Cel&middot;lulars del Centre de Medicina Regenerativa de Barcelona (CMR[B]). Doctora en Ci&egrave;ncies Biol&ograve;giques per la Universitat Aut&ograve;noma de Barcelona, ha estat directora del Laboratori de Fecundaci&oacute; In Vitro del Departament de Medicina de la Reproducci&oacute; de l&rsquo;Institut Universitari Dexeus (1982-2004) i &eacute;s professora associada de la Universitat Pompeu Fabra.<\/p>\n<p style=\"text-align: justify;\"> \tLa Dra. Veiga ha investigat sobre la reproducci&oacute; i la gen&egrave;tica, el desenvolupament de l&rsquo;embri&oacute; i l&rsquo;estudi de la seva qualitat a trav&eacute;s del diagn&ograve;stic preimplantacional. Actualment es dedica a activitats innovadores en la investigaci&oacute;, en l&rsquo;&agrave;mbit de la derivaci&oacute; de l&iacute;nies cel&middot;lulars de c&egrave;l&middot;lules mare embrion&agrave;ries, d&rsquo;embrions congelats, que sobren dels programes de fecundaci&oacute; in vitro. Al Parc Taul&iacute; impartir&agrave; la confer&egrave;ncia &lsquo;C&egrave;l&middot;lules mare pluripotents: recerca i aplicaci&oacute; cl&iacute;nica&rsquo;.<\/p>\n<p style=\"text-align: justify;\"> \tEl lliurament de les Beques Taul&iacute;, promogut per L&#39;Institut d&#39;Investigaci&oacute; i Innovaci&oacute; Parc Taul&iacute; (I3PT), &eacute;s un dels esdeveniments m&eacute;s emblem&agrave;tics de la Corporaci&oacute; Sanit&agrave;ria Parc Taul&iacute;. <strong>La dotaci&oacute; acumulada des de la seva creaci&oacute; &eacute;s de m&eacute;s d&rsquo;1,8 milions d&rsquo;euros<\/strong>. Aquests fons estan generats per la recerca i la innovaci&oacute; desenvolupada pels propis professionals de la instituci&oacute;. <strong>Aquesta convocat&ograve;ria, a la qual opten 74 projectes, t&eacute; una dotaci&oacute; de 70.000&euro; que es destinaran a donar ajuts per incentivar la iniciaci&oacute; de la recerca i potenciar la recerca de grups de IR3PT<\/strong>. Alhora tamb&eacute; s&rsquo;atorguen 2 beques per a la iniciaci&oacute; en recerca dels estudiants de Medicina de la Universitat Aut&ograve;noma de Barcelona (UAB), de la qual el Parc Taul&iacute; n&rsquo;&eacute;s Unitat Docent.<\/p>\n<p style=\"text-align: justify;\"> \t<strong>A m&eacute;s tamb&eacute; es lliuren els ajuts de la Convocat&ograve;ria 2019, Intensifica&#39;t al Taul&iacute;, convocat&ograve;ria cofinan&ccedil;ada amb una dotaci&oacute; de 60.000&euro; amb fons de recerca de l&#39;Institut i de la Fundaci&oacute; Banc Sabadell<\/strong>, que t&eacute; com a objectiu permetre que professional de l&#39;Institut dediquin una part de la jornada assistencial a la recerca en favor de la millora assistencial i amb uns objectius clars de creixement.<\/p>\n<p style=\"text-align: justify;\"> \tA les convocat&ograve;ries Beques Taul&iacute; poden optar tots els facultatius, llicenciats i diplomats d&rsquo;Infermeria que estiguin en plantilla o contracte a les institucions de la Corporaci&oacute; Sanit&agrave;ria Parc Taul&iacute;, i els estudiants de 4t, 5&egrave; i 6&egrave; curs de Medicina de la Universitat Aut&ograve;noma de Barcelona.<br \/> \t<strong>L&rsquo;acte es obert a tothom.<\/strong><br \/> \t&nbsp;<\/p>\n<p> \t&nbsp;<\/p>\n","gt_translate_keys":[{"key":"rendered","format":"html"}]},"excerpt":{"rendered":"<p> \tL&rsquo;Auditori Taul&iacute; acull el dimecres, 20 de desembre, l&rsquo;acte de lliurament de les Beques Taul&iacute; en la seva 20a edici&oacute;. Comptarem amb la pres&egrave;ncia d&rsquo;una conferenciant de prestigi, la Dra. Anna Veiga, que impartir&agrave; la confer&egrave;ncia magistral &ldquo;C&egrave;l&middot;lules mare pluripotents: recerca i aplicaci&oacute; cl&iacute;nica&rdquo;.<\/p>\n","protected":false,"gt_translate_keys":[{"key":"rendered","format":"html"}]},"author":1,"featured_media":0,"comment_status":"open","ping_status":"open","sticky":false,"template":"","format":"standard","meta":[],"categories":[1],"tags":[],"gt_translate_keys":[{"key":"link","format":"url"}],"_links":{"self":[{"href":"https:\/\/www.tauli.cat\/actualitat\/wp-json\/wp\/v2\/posts\/2190"}],"collection":[{"href":"https:\/\/www.tauli.cat\/actualitat\/wp-json\/wp\/v2\/posts"}],"about":[{"href":"https:\/\/www.tauli.cat\/actualitat\/wp-json\/wp\/v2\/types\/post"}],"author":[{"embeddable":true,"href":"https:\/\/www.tauli.cat\/actualitat\/wp-json\/wp\/v2\/users\/1"}],"replies":[{"embeddable":true,"href":"https:\/\/www.tauli.cat\/actualitat\/wp-json\/wp\/v2\/comments?post=2190"}],"version-history":[{"count":0,"href":"https:\/\/www.tauli.cat\/actualitat\/wp-json\/wp\/v2\/posts\/2190\/revisions"}],"wp:attachment":[{"href":"https:\/\/www.tauli.cat\/actualitat\/wp-json\/wp\/v2\/media?parent=2190"}],"wp:term":[{"taxonomy":"category","embeddable":true,"href":"https:\/\/www.tauli.cat\/actualitat\/wp-json\/wp\/v2\/categories?post=2190"},{"taxonomy":"post_tag","embeddable":true,"href":"https:\/\/www.tauli.cat\/actualitat\/wp-json\/wp\/v2\/tags?post=2190"}],"curies":[{"name":"wp","href":"https:\/\/api.w.org\/{rel}","templated":true}]}}