{"id":2229,"date":"2019-02-18T15:59:07","date_gmt":"2019-02-18T13:59:07","guid":{"rendered":"http:\/\/www.tauli.cat\/actualitat\/2019\/02\/18\/arriba-la-7a-edicio-dels-cafes-cientifics-de-sabadell-amb-la-participacio-del-parc-tauli\/"},"modified":"2019-02-18T15:59:07","modified_gmt":"2019-02-18T13:59:07","slug":"arriba-la-7a-edicio-dels-cafes-cientifics-de-sabadell-amb-la-participacio-del-parc-tauli","status":"publish","type":"post","link":"https:\/\/www.tauli.cat\/actualitat\/noticia\/2019\/02\/arriba-la-7a-edicio-dels-cafes-cientifics-de-sabadell-amb-la-participacio-del-parc-tauli\/","title":{"rendered":"Arriba la 7a edici\u00f3 dels Caf\u00e8s Cient\u00edfics de Sabadell, amb la participaci\u00f3 del Parc Taul\u00ed","gt_translate_keys":[{"key":"rendered","format":"text"}]},"content":{"rendered":"<p style=\"text-align: justify;\"> \tL&rsquo;horta terap&egrave;utica i social, l&rsquo;amena&ccedil;a de les plagues ex&ograve;tiques als boscos, el diagnosi per imatge, l&rsquo;alimentaci&oacute; i el c&agrave;ncer, consells per a viatjar i no emmalaltir, les caracter&iacute;stiques de la nostra gal&agrave;xia i els ammonits dels oceans, s&oacute;n els temes de la nova edici&oacute; &ldquo;Caf&egrave;s cient&iacute;fics. Sabadell 2019&rdquo;, organitzats per vuit entitats de la ciutat dedicades a la recerca i divulgaci&oacute;. Les sessions se celebren un dimarts al mes, a les 7 de la tarda, al Bar de la Uni&oacute; Excursionista de Sabadell (c\/ De la Salut 14-16 Sabadell). Les xerrades s&oacute;n gratu&iuml;tes.&nbsp;<\/p>\n<p style=\"text-align: justify;\"> \tL&rsquo;Institut Catal&agrave; de Paleontologia Miquel Crusafont (ICP), l&rsquo;Associaci&oacute; per la Defensa i l&rsquo;Estudi de la Natura (ADENC), l&rsquo;Agrupaci&oacute; Astron&ograve;mica de Sabadell, la Fundaci&oacute; Bosch i Cardellach, la Corporaci&oacute; Sanit&agrave;ria Parc Taul&iacute;, La Ruda amics de Can Deu per a l&rsquo;agricultura ecol&ograve;gica i la Uni&oacute; Excursionista de Sabadell (UES) i l&rsquo;Acad&egrave;mia de Ci&egrave;ncies M&egrave;diques inicien de nou aquest mes de febrer la VII edici&oacute; del programa de Caf&egrave;s Cient&iacute;fics a Sabadell. L&rsquo;&egrave;xit de p&uacute;blic de les edicions anteriors i la voluntat de consolidar aquest cicle a la ciutat ha dut les entitats organitzadores a repetir la iniciativa un any m&eacute;s.<\/p>\n<p style=\"text-align: justify;\"> \tL&rsquo;objectiu dels Caf&egrave;s cient&iacute;fics &eacute;s oferir als ciutadans i ciutadanes la possibilitat de parlar en un ambient dist&egrave;s i intercanviar opinions sobre temes cient&iacute;fics amb un expert de refer&egrave;ncia. Amb un caf&egrave;, una copa de vi o qualsevol altra beguda a la m&agrave;, l&rsquo;esperit d&rsquo;aquesta iniciativa &eacute;s el d&rsquo;afavorir el debat cient&iacute;fic en el marc dels reptes de la societat actual i dels interessos individuals dels assistents. Entreteniment i rigor, debat i conversa: la ci&egrave;ncia en clau sabadellenca.<\/p>\n<p style=\"text-align: justify;\"> \tDe febrer a novembre, un dimarts al mes, a les 7 de la tarda, cadascuna de les entitats organitzadores que fan recerca en ci&egrave;ncia, o que tenen com un dels seus objectius afavorir el coneixement de la ci&egrave;ncia i dels seus resultats, iniciar&agrave; una conversa al voltant d&rsquo;un tema d&rsquo;actualitat. La persona convidada exposar&agrave; breument el tema i plantejar&agrave; als assistents dubtes, preguntes i pol&egrave;miques, perqu&egrave; tothom en pugui aprendre, reflexionar i debatre.<\/p>\n<p style=\"text-align: justify;\"> \tEls Caf&egrave;s Cient&iacute;fics s&oacute;n una acci&oacute; de divulgaci&oacute; cient&iacute;fica liderada inicialment per la societat civil que es va posar en marxa el 1998 a Leeds (Anglaterra) amb l&rsquo;objectiu de parlar de ci&egrave;ncia fora de l&rsquo;entorn acad&egrave;mic i d&rsquo;atraure el p&uacute;blic no habitual. Els Caf&egrave;s cient&iacute;fics de Sabadell s&rsquo;han unit a la xarxa internacional de Caf&egrave;s Cient&iacute;fics.<\/p>\n<p style=\"text-align: justify;\"> \tLa primera sessi&oacute; d&rsquo;aquesta edici&oacute; tindr&agrave; lloc dem&agrave;, 19 de febrer, amb el tema <strong>&lsquo;Horta terap&egrave;utica i social&rsquo;<\/strong>, a c&agrave;rrec de l&rsquo;especialista en jardins i vivers, Andrea Costas.<\/p>\n<p style=\"text-align: justify;\"> \tLa sessi&oacute; del Parc Taul&iacute; tindr&agrave; lloc el 21 de maig amb la confer&egrave;ncia &lsquo;<strong>Alimentaci&oacute; i c&agrave;ncer&rsquo; <\/strong>a c&agrave;rrec del coordinador de la Unitat de Patologia Mam&agrave;ria del Parc Taul&iacute;, Miquel &Agrave;ngel Segu&iacute;.<\/p>\n<\/p>\n<p> \t&nbsp;<\/p>\n<div id=\"ckimgrsz\" style=\"left: 0px; top: 497px;\">\n<div class=\"preview\"> \t\t&nbsp;<\/div><\/div>\n","gt_translate_keys":[{"key":"rendered","format":"html"}]},"excerpt":{"rendered":"<p style=\"text-align: justify;\"> \tL&rsquo;horta terap&egrave;utica i social, l&rsquo;amena&ccedil;a de les plagues ex&ograve;tiques als boscos, el diagnosi per imatge, l&rsquo;alimentaci&oacute; i el c&agrave;ncer, consells per a viatjar i no emmalaltir, les caracter&iacute;stiques de la nostra gal&agrave;xia i els ammonits dels oceans, s&oacute;n els temes de la nova edici&oacute; &ldquo;Caf&egrave;s cient&iacute;fics. Sabadell 2019&rdquo;, organitzats per vuit entitats de la ciutat dedicades a la recerca i divulgaci&oacute;. Les sessions se celebren un dimarts al mes, a les 7 de la tarda, al Bar de la Uni&oacute; Excursionista de Sabadell (c\/ De la Salut 14-16 Sabadell). Les xerrades s&oacute;n gratu&iuml;tes.&nbsp;<\/p>\n","protected":false,"gt_translate_keys":[{"key":"rendered","format":"html"}]},"author":1,"featured_media":2228,"comment_status":"open","ping_status":"open","sticky":false,"template":"","format":"standard","meta":[],"categories":[1],"tags":[],"gt_translate_keys":[{"key":"link","format":"url"}],"_links":{"self":[{"href":"https:\/\/www.tauli.cat\/actualitat\/wp-json\/wp\/v2\/posts\/2229"}],"collection":[{"href":"https:\/\/www.tauli.cat\/actualitat\/wp-json\/wp\/v2\/posts"}],"about":[{"href":"https:\/\/www.tauli.cat\/actualitat\/wp-json\/wp\/v2\/types\/post"}],"author":[{"embeddable":true,"href":"https:\/\/www.tauli.cat\/actualitat\/wp-json\/wp\/v2\/users\/1"}],"replies":[{"embeddable":true,"href":"https:\/\/www.tauli.cat\/actualitat\/wp-json\/wp\/v2\/comments?post=2229"}],"version-history":[{"count":0,"href":"https:\/\/www.tauli.cat\/actualitat\/wp-json\/wp\/v2\/posts\/2229\/revisions"}],"wp:featuredmedia":[{"embeddable":true,"href":"https:\/\/www.tauli.cat\/actualitat\/wp-json\/wp\/v2\/media\/2228"}],"wp:attachment":[{"href":"https:\/\/www.tauli.cat\/actualitat\/wp-json\/wp\/v2\/media?parent=2229"}],"wp:term":[{"taxonomy":"category","embeddable":true,"href":"https:\/\/www.tauli.cat\/actualitat\/wp-json\/wp\/v2\/categories?post=2229"},{"taxonomy":"post_tag","embeddable":true,"href":"https:\/\/www.tauli.cat\/actualitat\/wp-json\/wp\/v2\/tags?post=2229"}],"curies":[{"name":"wp","href":"https:\/\/api.w.org\/{rel}","templated":true}]}}