{"id":3093,"date":"2021-06-22T07:30:46","date_gmt":"2021-06-22T05:30:46","guid":{"rendered":"https:\/\/www.tauli.cat\/actualitat\/?p=3093"},"modified":"2021-07-01T16:50:33","modified_gmt":"2021-07-01T14:50:33","slug":"installacio-duna-planta-solar-fotovoltaica-a-ledifici-tauli-nou","status":"publish","type":"post","link":"https:\/\/www.tauli.cat\/actualitat\/noticia\/2021\/06\/installacio-duna-planta-solar-fotovoltaica-a-ledifici-tauli-nou\/","title":{"rendered":"Instal\u00b7laci\u00f3 d\u2019una planta solar fotovoltaica a l\u2019edifici Taul\u00ed nou","gt_translate_keys":[{"key":"rendered","format":"text"}]},"content":{"rendered":"<div data-section-type=\"fullwidth-background\" data-image-type=\"none\" data-full-height=\"no\" class=\"eut-section\"><div class=\"eut-row eut-bookmark\"><div class=\"wpb_column eut-column eut-column-1\"><div class=\"eut-element eut-text\"><p>La instal\u00b7laci\u00f3 es realitzar\u00e0 al terrat de l\u2019edifici Taul\u00ed nou, amb una superf\u00edcie de captaci\u00f3 solar d\u2019uns 316 m<sup>2<\/sup>.\u00a0La planta tindr\u00e0 una potencia total de 56.9 kwp, amb una producci\u00f3n anual de 82.922 kwh\/any. S\u2019instal\u00b7laran 158 plaques fotovolta\u00edques de 2 m<sup>2<\/sup> de superficie cadascuna i orientades al sud per a la seva m\u00e0xima producci\u00f3.<!--more--><\/p>\n<p>En el marc de la Responsabilitat Social Corporativa del CCSPT i, dins d\u2019aquesta, la seva pol\u00edtica ambiental aprovada, s\u2019expresa que hem de \u201cfer un \u00fas responsable dels recursos naturals aix\u00ed com de qualsevol material emprat\u201c. Per aquesta ra\u00f3 i d\u2019altres de respecte al mediambient i a la societat en general, el Parc Taul\u00ed posar\u00e0 en marxa una planta solar fotovoltaica a finals del proper mes de juliol.<\/p>\n<p>Es treballar\u00e0 en modalitat d\u2019autoconsum, \u00e9s a dir, que tota l\u2019energia produ\u00efda ser\u00e1 consumida a nivel corporatiu, en aquest cas per proximitat i optimitzaci\u00f3 recursos, per la sala de m\u00e0quines de l\u2019edifici Tauli nou. S\u2019ha assegurat un <em>pay-back<\/em> de 5,2 anys, que vol dir que en aquest temps ja estar\u00e0 finan\u00e7at el cost de l\u2019inverssi\u00f3 amb els diners estalviats per a la producci\u00f3.<\/p>\n<p>Com a punts forts d\u2019aquesta tipolog\u00eda d\u2019instal\u00b7laci\u00f3, cal remarcar que els panells solars tenen una garantia de 25 anys amb un rendiment for\u00e7a alt i amb un manteniment operatiu molt baix. La producci\u00f3n anual de la planta representa un 8% aproximadament del consum del Taul\u00ed nou. Amb la instal\u00b7laci\u00f3 proposada es redueixen al voltant de 82.922 kwh \/ any, el que equival a una emissi\u00f3 a l\u2019atmosfera de <strong>33 tones de CO<sub>2\u00a0<\/sub><\/strong>anuals. Aquesta reducci\u00f3 de CO<sub>2<\/sub> produ\u00efda equival a unes 12 hect\u00e0rees d\u2019 arbres plantats i una extensi\u00f3 aproximada de 17 camps de futbol.<\/p>\n<\/div><div class=\"eut-element eut-box-icon eut-align-left eut-medium\" style=\"\">  <div class=\"eut-wrapper-icon eut-no-shape eut-color-grey\"><i class=\"fab fa-envira eut-color-primary-1\"><\/i><\/div>  <div class=\"eut-box-content\">      <h3 class=\"eut-box-title\">Obrim les portes del Parc Taul\u00ed al futur sostenible<\/h3>  <\/div><\/div><\/div><\/div><div class=\"eut-bg-wrapper\"><\/div><\/div>\n","gt_translate_keys":[{"key":"rendered","format":"html"}]},"excerpt":{"rendered":"<p>La instal\u00b7laci\u00f3 es realitzar\u00e0 al terrat de l\u2019edifici Taul\u00ed nou, amb una superf\u00edcie de captaci\u00f3 solar d\u2019uns 316 m2. La planta tindr\u00e0 una potencia total de 56.9 kwp, amb una producci\u00f3n anual de 82.922 kwh\/any. S\u2019instal\u00b7laran 158 plaques fotovolta\u00edques de 2 m2 de superficie cadascuna i orientades al sud per a la seva m\u00e0xima producci\u00f3.<\/p>\n","protected":false,"gt_translate_keys":[{"key":"rendered","format":"html"}]},"author":1,"featured_media":3094,"comment_status":"open","ping_status":"open","sticky":false,"template":"","format":"standard","meta":[],"categories":[1],"tags":[392,788,789],"gt_translate_keys":[{"key":"link","format":"url"}],"_links":{"self":[{"href":"https:\/\/www.tauli.cat\/actualitat\/wp-json\/wp\/v2\/posts\/3093"}],"collection":[{"href":"https:\/\/www.tauli.cat\/actualitat\/wp-json\/wp\/v2\/posts"}],"about":[{"href":"https:\/\/www.tauli.cat\/actualitat\/wp-json\/wp\/v2\/types\/post"}],"author":[{"embeddable":true,"href":"https:\/\/www.tauli.cat\/actualitat\/wp-json\/wp\/v2\/users\/1"}],"replies":[{"embeddable":true,"href":"https:\/\/www.tauli.cat\/actualitat\/wp-json\/wp\/v2\/comments?post=3093"}],"version-history":[{"count":2,"href":"https:\/\/www.tauli.cat\/actualitat\/wp-json\/wp\/v2\/posts\/3093\/revisions"}],"predecessor-version":[{"id":3165,"href":"https:\/\/www.tauli.cat\/actualitat\/wp-json\/wp\/v2\/posts\/3093\/revisions\/3165"}],"wp:featuredmedia":[{"embeddable":true,"href":"https:\/\/www.tauli.cat\/actualitat\/wp-json\/wp\/v2\/media\/3094"}],"wp:attachment":[{"href":"https:\/\/www.tauli.cat\/actualitat\/wp-json\/wp\/v2\/media?parent=3093"}],"wp:term":[{"taxonomy":"category","embeddable":true,"href":"https:\/\/www.tauli.cat\/actualitat\/wp-json\/wp\/v2\/categories?post=3093"},{"taxonomy":"post_tag","embeddable":true,"href":"https:\/\/www.tauli.cat\/actualitat\/wp-json\/wp\/v2\/tags?post=3093"}],"curies":[{"name":"wp","href":"https:\/\/api.w.org\/{rel}","templated":true}]}}