{"id":35396,"date":"2024-11-21T15:41:22","date_gmt":"2024-11-21T14:41:22","guid":{"rendered":"https:\/\/www.tauli.cat\/actualitat\/?p=35396"},"modified":"2024-11-21T15:41:22","modified_gmt":"2024-11-21T14:41:22","slug":"vii-jornada-interhospitalaria-de-genetica-de-catalunya","status":"publish","type":"post","link":"https:\/\/www.tauli.cat\/actualitat\/noticia\/2024\/11\/vii-jornada-interhospitalaria-de-genetica-de-catalunya\/","title":{"rendered":"VII Jornada Interhospital\u00e0ria de Gen\u00e8tica de Catalunya","gt_translate_keys":[{"key":"rendered","format":"text"}]},"content":{"rendered":"<div data-section-type=\"fullwidth-background\" data-image-type=\"none\" data-full-height=\"no\" class=\"eut-section\"><div class=\"eut-row eut-bookmark\"><div class=\"wpb_column eut-column eut-column-1\"><div class=\"eut-element eut-text\"><p>El Parc Taul\u00ed ha organitzat la <strong>VII Jornada Interhospital\u00e0ria de Gen\u00e8tica de Catalunya<\/strong>. La directora general, Anna Aran, juntament amb el director de l\u2019Institut d\u2019Investigaci\u00f3 i Innovaci\u00f3 del Parc Taul\u00ed (I3PT), Salvador Ventura, i el director del centre de Medicina Gen\u00f2mica, V\u00edctor Mart\u00ednez han fet la presentaci\u00f3 de la Jornada a tots els professionals que hi ha assistit. Tamb\u00e9 ha comptat amb la confer\u00e8ncia inaugural de la gerent de Medicina Personalitzada i de Precisi\u00f3 del CatSalut, Gemma Valeta.<\/p>\n<p>El\u00a0<strong>diagn\u00f2stic gen\u00e8tic de les malalties minorit\u00e0ries i la medicina personalitzada<\/strong>\u00a0est\u00e0 en creixement i \u00e9s molt important la interacci\u00f3 continuada dels professionals. La Jornada celebrada aquest mat\u00ed a Fira Sabadell ha estat dividida en quatre taules. La primera, sobre medicina gen\u00f2mica on la directora del servei de Pediatria i especialista en el maneig de la S\u00edndrome de Prader Willi del Parc Taul\u00ed, Dra. Raquel Corripio, ha explicat les noves perspectives en aquesta malaltia minorit\u00e0ria i el director del centre de Medicina Gen\u00f2mica ha exposat les malformacions vasculars, mosa\u00efcismesom\u00e0tic i medicina de precisi\u00f3.<\/p>\n<p>La segona taula ha estat centrada a exposar els projectes de diferents hospitals de Catalunya. Durant la tercera s\u2019ha fet una sessi\u00f3 interactiva de casos i l\u2019\u00faltima taula ha estat dirigida pel cap de la unitat cient\u00edfica de la Western University of London, Bekim Sadikovic.<\/p>\n<p>La jornada ha estat un \u00e8xit i tamb\u00e9 ha servit per compartir experi\u00e8ncies entre els professionals.<\/p>\n<\/div><\/div><\/div><div class=\"eut-bg-wrapper\"><\/div><\/div><div data-section-type=\"fullwidth-background\" data-image-type=\"none\" data-full-height=\"no\" class=\"eut-section\"><div class=\"eut-row eut-bookmark\"><div class=\"wpb_column eut-column eut-column-1\"><div class=\"eut-element eut-gallery eut-isotope eut-gallery-popup eut-with-gap\" style=\"\" data-columns=\"3\" data-columns-tablet-landscape=\"2\" data-columns-tablet-portrait=\"2\" data-columns-mobile=\"1\" data-layout=\"fitRows\">  <div class=\"eut-isotope-container\"><div class=\"eut-isotope-item \"><a href=\"https:\/\/www.tauli.cat\/actualitat\/wp-content\/uploads\/2024\/11\/Genetica_1.jpg\">    <figure class=\"eut-image-hover eut-zoom-in\">      <div class=\"eut-media eut-light-overlay eut-opacity-0\"><img width=\"600\" height=\"600\" src=\"https:\/\/www.tauli.cat\/actualitat\/wp-content\/uploads\/2024\/11\/Genetica_1-600x600.jpg\" class=\"attachment-eut-image-small-square size-eut-image-small-square\" alt=\"\" decoding=\"async\" loading=\"lazy\" srcset=\"https:\/\/www.tauli.cat\/actualitat\/wp-content\/uploads\/2024\/11\/Genetica_1-600x600.jpg 600w, https:\/\/www.tauli.cat\/actualitat\/wp-content\/uploads\/2024\/11\/Genetica_1-150x150.jpg 150w, https:\/\/www.tauli.cat\/actualitat\/wp-content\/uploads\/2024\/11\/Genetica_1-1120x1120.jpg 1120w, https:\/\/www.tauli.cat\/actualitat\/wp-content\/uploads\/2024\/11\/Genetica_1-24x24.jpg 24w, https:\/\/www.tauli.cat\/actualitat\/wp-content\/uploads\/2024\/11\/Genetica_1-48x48.jpg 48w, https:\/\/www.tauli.cat\/actualitat\/wp-content\/uploads\/2024\/11\/Genetica_1-96x96.jpg 96w, https:\/\/www.tauli.cat\/actualitat\/wp-content\/uploads\/2024\/11\/Genetica_1-300x300.jpg 300w\" sizes=\"(max-width: 600px) 100vw, 600px\" \/>      <\/div>      <figcaption>      <\/figcaption>    <\/figure><\/a><\/div><div class=\"eut-isotope-item \"><a href=\"https:\/\/www.tauli.cat\/actualitat\/wp-content\/uploads\/2024\/11\/Genetica_2.jpg\">    <figure class=\"eut-image-hover eut-zoom-in\">      <div class=\"eut-media eut-light-overlay eut-opacity-0\"><img width=\"600\" height=\"600\" src=\"https:\/\/www.tauli.cat\/actualitat\/wp-content\/uploads\/2024\/11\/Genetica_2-600x600.jpg\" class=\"attachment-eut-image-small-square size-eut-image-small-square\" alt=\"\" decoding=\"async\" loading=\"lazy\" srcset=\"https:\/\/www.tauli.cat\/actualitat\/wp-content\/uploads\/2024\/11\/Genetica_2-600x600.jpg 600w, https:\/\/www.tauli.cat\/actualitat\/wp-content\/uploads\/2024\/11\/Genetica_2-150x150.jpg 150w, https:\/\/www.tauli.cat\/actualitat\/wp-content\/uploads\/2024\/11\/Genetica_2-1120x1120.jpg 1120w, https:\/\/www.tauli.cat\/actualitat\/wp-content\/uploads\/2024\/11\/Genetica_2-24x24.jpg 24w, https:\/\/www.tauli.cat\/actualitat\/wp-content\/uploads\/2024\/11\/Genetica_2-48x48.jpg 48w, https:\/\/www.tauli.cat\/actualitat\/wp-content\/uploads\/2024\/11\/Genetica_2-96x96.jpg 96w, https:\/\/www.tauli.cat\/actualitat\/wp-content\/uploads\/2024\/11\/Genetica_2-300x300.jpg 300w\" sizes=\"(max-width: 600px) 100vw, 600px\" \/>      <\/div>      <figcaption>      <\/figcaption>    <\/figure><\/a><\/div><div class=\"eut-isotope-item \"><a href=\"https:\/\/www.tauli.cat\/actualitat\/wp-content\/uploads\/2024\/11\/Genetica_3.jpg\">    <figure class=\"eut-image-hover eut-zoom-in\">      <div class=\"eut-media eut-light-overlay eut-opacity-0\"><img width=\"600\" height=\"600\" src=\"https:\/\/www.tauli.cat\/actualitat\/wp-content\/uploads\/2024\/11\/Genetica_3-600x600.jpg\" class=\"attachment-eut-image-small-square size-eut-image-small-square\" alt=\"\" decoding=\"async\" loading=\"lazy\" srcset=\"https:\/\/www.tauli.cat\/actualitat\/wp-content\/uploads\/2024\/11\/Genetica_3-600x600.jpg 600w, https:\/\/www.tauli.cat\/actualitat\/wp-content\/uploads\/2024\/11\/Genetica_3-150x150.jpg 150w, https:\/\/www.tauli.cat\/actualitat\/wp-content\/uploads\/2024\/11\/Genetica_3-1120x1120.jpg 1120w, https:\/\/www.tauli.cat\/actualitat\/wp-content\/uploads\/2024\/11\/Genetica_3-24x24.jpg 24w, https:\/\/www.tauli.cat\/actualitat\/wp-content\/uploads\/2024\/11\/Genetica_3-48x48.jpg 48w, https:\/\/www.tauli.cat\/actualitat\/wp-content\/uploads\/2024\/11\/Genetica_3-96x96.jpg 96w, https:\/\/www.tauli.cat\/actualitat\/wp-content\/uploads\/2024\/11\/Genetica_3-300x300.jpg 300w\" sizes=\"(max-width: 600px) 100vw, 600px\" \/>      <\/div>      <figcaption>      <\/figcaption>    <\/figure><\/a><\/div><div class=\"eut-isotope-item \"><a href=\"https:\/\/www.tauli.cat\/actualitat\/wp-content\/uploads\/2024\/11\/Genetica_4.jpg\">    <figure class=\"eut-image-hover eut-zoom-in\">      <div class=\"eut-media eut-light-overlay eut-opacity-0\"><img width=\"600\" height=\"600\" src=\"https:\/\/www.tauli.cat\/actualitat\/wp-content\/uploads\/2024\/11\/Genetica_4-600x600.jpg\" class=\"attachment-eut-image-small-square size-eut-image-small-square\" alt=\"\" decoding=\"async\" loading=\"lazy\" srcset=\"https:\/\/www.tauli.cat\/actualitat\/wp-content\/uploads\/2024\/11\/Genetica_4-600x600.jpg 600w, https:\/\/www.tauli.cat\/actualitat\/wp-content\/uploads\/2024\/11\/Genetica_4-150x150.jpg 150w, https:\/\/www.tauli.cat\/actualitat\/wp-content\/uploads\/2024\/11\/Genetica_4-1120x1120.jpg 1120w, https:\/\/www.tauli.cat\/actualitat\/wp-content\/uploads\/2024\/11\/Genetica_4-24x24.jpg 24w, https:\/\/www.tauli.cat\/actualitat\/wp-content\/uploads\/2024\/11\/Genetica_4-48x48.jpg 48w, https:\/\/www.tauli.cat\/actualitat\/wp-content\/uploads\/2024\/11\/Genetica_4-96x96.jpg 96w, https:\/\/www.tauli.cat\/actualitat\/wp-content\/uploads\/2024\/11\/Genetica_4-300x300.jpg 300w\" sizes=\"(max-width: 600px) 100vw, 600px\" \/>      <\/div>      <figcaption>      <\/figcaption>    <\/figure><\/a><\/div><div class=\"eut-isotope-item \"><a href=\"https:\/\/www.tauli.cat\/actualitat\/wp-content\/uploads\/2024\/11\/Genetica_5.jpg\">    <figure class=\"eut-image-hover eut-zoom-in\">      <div class=\"eut-media eut-light-overlay eut-opacity-0\"><img width=\"600\" height=\"600\" src=\"https:\/\/www.tauli.cat\/actualitat\/wp-content\/uploads\/2024\/11\/Genetica_5-600x600.jpg\" class=\"attachment-eut-image-small-square size-eut-image-small-square\" alt=\"\" decoding=\"async\" loading=\"lazy\" srcset=\"https:\/\/www.tauli.cat\/actualitat\/wp-content\/uploads\/2024\/11\/Genetica_5-600x600.jpg 600w, https:\/\/www.tauli.cat\/actualitat\/wp-content\/uploads\/2024\/11\/Genetica_5-150x150.jpg 150w, https:\/\/www.tauli.cat\/actualitat\/wp-content\/uploads\/2024\/11\/Genetica_5-1120x1120.jpg 1120w, https:\/\/www.tauli.cat\/actualitat\/wp-content\/uploads\/2024\/11\/Genetica_5-24x24.jpg 24w, https:\/\/www.tauli.cat\/actualitat\/wp-content\/uploads\/2024\/11\/Genetica_5-48x48.jpg 48w, https:\/\/www.tauli.cat\/actualitat\/wp-content\/uploads\/2024\/11\/Genetica_5-96x96.jpg 96w, https:\/\/www.tauli.cat\/actualitat\/wp-content\/uploads\/2024\/11\/Genetica_5-300x300.jpg 300w\" sizes=\"(max-width: 600px) 100vw, 600px\" \/>      <\/div>      <figcaption>      <\/figcaption>    <\/figure><\/a><\/div><div class=\"eut-isotope-item \"><a href=\"https:\/\/www.tauli.cat\/actualitat\/wp-content\/uploads\/2024\/11\/Genetica_6.jpg\">    <figure class=\"eut-image-hover eut-zoom-in\">      <div class=\"eut-media eut-light-overlay eut-opacity-0\"><img width=\"600\" height=\"600\" src=\"https:\/\/www.tauli.cat\/actualitat\/wp-content\/uploads\/2024\/11\/Genetica_6-600x600.jpg\" class=\"attachment-eut-image-small-square size-eut-image-small-square\" alt=\"\" decoding=\"async\" loading=\"lazy\" srcset=\"https:\/\/www.tauli.cat\/actualitat\/wp-content\/uploads\/2024\/11\/Genetica_6-600x600.jpg 600w, https:\/\/www.tauli.cat\/actualitat\/wp-content\/uploads\/2024\/11\/Genetica_6-150x150.jpg 150w, https:\/\/www.tauli.cat\/actualitat\/wp-content\/uploads\/2024\/11\/Genetica_6-1120x1120.jpg 1120w, https:\/\/www.tauli.cat\/actualitat\/wp-content\/uploads\/2024\/11\/Genetica_6-24x24.jpg 24w, https:\/\/www.tauli.cat\/actualitat\/wp-content\/uploads\/2024\/11\/Genetica_6-48x48.jpg 48w, https:\/\/www.tauli.cat\/actualitat\/wp-content\/uploads\/2024\/11\/Genetica_6-96x96.jpg 96w, https:\/\/www.tauli.cat\/actualitat\/wp-content\/uploads\/2024\/11\/Genetica_6-300x300.jpg 300w\" sizes=\"(max-width: 600px) 100vw, 600px\" \/>      <\/div>      <figcaption>      <\/figcaption>    <\/figure><\/a><\/div><div class=\"eut-isotope-item \"><a href=\"https:\/\/www.tauli.cat\/actualitat\/wp-content\/uploads\/2024\/11\/Genetica_7.jpg\">    <figure class=\"eut-image-hover eut-zoom-in\">      <div class=\"eut-media eut-light-overlay eut-opacity-0\"><img width=\"600\" height=\"600\" src=\"https:\/\/www.tauli.cat\/actualitat\/wp-content\/uploads\/2024\/11\/Genetica_7-600x600.jpg\" class=\"attachment-eut-image-small-square size-eut-image-small-square\" alt=\"\" decoding=\"async\" loading=\"lazy\" srcset=\"https:\/\/www.tauli.cat\/actualitat\/wp-content\/uploads\/2024\/11\/Genetica_7-600x600.jpg 600w, https:\/\/www.tauli.cat\/actualitat\/wp-content\/uploads\/2024\/11\/Genetica_7-150x150.jpg 150w, https:\/\/www.tauli.cat\/actualitat\/wp-content\/uploads\/2024\/11\/Genetica_7-1120x1120.jpg 1120w, https:\/\/www.tauli.cat\/actualitat\/wp-content\/uploads\/2024\/11\/Genetica_7-24x24.jpg 24w, https:\/\/www.tauli.cat\/actualitat\/wp-content\/uploads\/2024\/11\/Genetica_7-48x48.jpg 48w, https:\/\/www.tauli.cat\/actualitat\/wp-content\/uploads\/2024\/11\/Genetica_7-96x96.jpg 96w, https:\/\/www.tauli.cat\/actualitat\/wp-content\/uploads\/2024\/11\/Genetica_7-300x300.jpg 300w\" sizes=\"(max-width: 600px) 100vw, 600px\" \/>      <\/div>      <figcaption>      <\/figcaption>    <\/figure><\/a><\/div>  <\/div><\/div><\/div><\/div><div class=\"eut-bg-wrapper\"><\/div><\/div>\n","gt_translate_keys":[{"key":"rendered","format":"html"}]},"excerpt":{"rendered":"<p>El diagn\u00f2stic gen\u00e8tic de les malalties minorit\u00e0ries i la medicina personalitzada est\u00e0 en creixement i \u00e9s molt important la interacci\u00f3 continuada dels professionals. <\/p>\n","protected":false,"gt_translate_keys":[{"key":"rendered","format":"html"}]},"author":12,"featured_media":35401,"comment_status":"open","ping_status":"open","sticky":false,"template":"","format":"standard","meta":[],"categories":[1],"tags":[1162,1167,968,1168],"gt_translate_keys":[{"key":"link","format":"url"}],"_links":{"self":[{"href":"https:\/\/www.tauli.cat\/actualitat\/wp-json\/wp\/v2\/posts\/35396"}],"collection":[{"href":"https:\/\/www.tauli.cat\/actualitat\/wp-json\/wp\/v2\/posts"}],"about":[{"href":"https:\/\/www.tauli.cat\/actualitat\/wp-json\/wp\/v2\/types\/post"}],"author":[{"embeddable":true,"href":"https:\/\/www.tauli.cat\/actualitat\/wp-json\/wp\/v2\/users\/12"}],"replies":[{"embeddable":true,"href":"https:\/\/www.tauli.cat\/actualitat\/wp-json\/wp\/v2\/comments?post=35396"}],"version-history":[{"count":1,"href":"https:\/\/www.tauli.cat\/actualitat\/wp-json\/wp\/v2\/posts\/35396\/revisions"}],"predecessor-version":[{"id":35405,"href":"https:\/\/www.tauli.cat\/actualitat\/wp-json\/wp\/v2\/posts\/35396\/revisions\/35405"}],"wp:featuredmedia":[{"embeddable":true,"href":"https:\/\/www.tauli.cat\/actualitat\/wp-json\/wp\/v2\/media\/35401"}],"wp:attachment":[{"href":"https:\/\/www.tauli.cat\/actualitat\/wp-json\/wp\/v2\/media?parent=35396"}],"wp:term":[{"taxonomy":"category","embeddable":true,"href":"https:\/\/www.tauli.cat\/actualitat\/wp-json\/wp\/v2\/categories?post=35396"},{"taxonomy":"post_tag","embeddable":true,"href":"https:\/\/www.tauli.cat\/actualitat\/wp-json\/wp\/v2\/tags?post=35396"}],"curies":[{"name":"wp","href":"https:\/\/api.w.org\/{rel}","templated":true}]}}