{"id":3640,"date":"2021-08-23T08:50:57","date_gmt":"2021-08-23T06:50:57","guid":{"rendered":"https:\/\/www.tauli.cat\/actualitat\/?p=3640"},"modified":"2021-10-08T10:22:34","modified_gmt":"2021-10-08T08:22:34","slug":"el-parc-tauli-estrena-una-planta-amb-158-plaques-fotovoltaiques-destinades-a-lautoconsum","status":"publish","type":"post","link":"https:\/\/www.tauli.cat\/actualitat\/noticia\/2021\/08\/el-parc-tauli-estrena-una-planta-amb-158-plaques-fotovoltaiques-destinades-a-lautoconsum\/","title":{"rendered":"El Parc Taul\u00ed estrena una planta amb 158 plaques fotovoltaiques destinades a l\u2019autoconsum","gt_translate_keys":[{"key":"rendered","format":"text"}]},"content":{"rendered":"<div data-section-type=\"fullwidth-background\" data-image-type=\"none\" data-full-height=\"no\" class=\"eut-section\"><div class=\"eut-row eut-bookmark\"><div class=\"wpb_column eut-column eut-column-1\"><div class=\"eut-element eut-text\"><p>El Parc Taul\u00ed ha posat en marxa fa pocs dies, al terrat de l\u2019edifici Taul\u00ed nou, la primera instal\u00b7laci\u00f3 de plaques fotovoltaiques de la instituci\u00f3 destinades a l\u2019autoconsum i amb la qual es produir\u00e0, aproximadament, un 8% de la necessitat d\u2019energia el\u00e8ctrica actual de l\u2019edifici Taul\u00ed nou.<!--more--><\/p>\n<p>La instal\u00b7laci\u00f3 disposa d\u2019una superf\u00edcie de captaci\u00f3 solar d\u2019uns 316 m<sup>2<\/sup>, amb 158 plaques fotovoltaiques de dos metres quadrats de superf\u00edcie cadascuna, orientades al sud per a la seva m\u00e0xima producci\u00f3. La planta t\u00e9 una potencia total de 56.9 kwp, amb una producci\u00f3 anual de 82.922 kwh\/any, que equivaldria a la producci\u00f3 necess\u00e0ria per cobrir el consum de 25 habitatges a l\u2019any (partint de la dada que el consum mig d\u2019una llar a l\u2019any \u00e9s de 3.272 kwh\/any).<\/p>\n<p>L\u2019energia que es deixa de consumir de la xarxa el\u00e8ctrica gr\u00e0cies a aquesta instal\u00b7laci\u00f3 equival a una reducci\u00f3 d\u2019emissions a l\u2019atmosfera de <strong>33 tones de CO<\/strong><strong><sub>2\u00a0 <\/sub><\/strong>anuals, per a les quals serien necess\u00e0ries unes 12 hect\u00e0rees d\u2019arbres plantats (17 camps de futbol).<\/p>\n<p>Com a punts forts d\u2019aquesta tipologia d\u2019instal\u00b7laci\u00f3 \u00e9s de destacar que els panells solars tenen una garantia de 25 anys, amb un rendiment for\u00e7a alt i amb un manteniment operatiu molt baix. La instituci\u00f3 tamb\u00e9 s\u2019ha assegurat un <em>pay-back<\/em>\u00a0de 5,2 anys, que vol dir que en aquest temps ja estar\u00e0 finan\u00e7at el cost de la inversi\u00f3 amb els diners estalviats per a la producci\u00f3.<\/p>\n<p>Amb aquesta instal\u00b7laci\u00f3, seguim treballant en el marc de la Responsabilitat Social Corporativa del Parc Taul\u00ed i, dins d\u2019aquesta, en la pol\u00edtica ambiental que expressa que hem de fer &#8220;un \u00fas responsable dels recursos naturals, aix\u00ed com de qualsevol material emprat&#8221;.<\/p>\n<\/div><\/div><\/div><div class=\"eut-bg-wrapper\"><\/div><\/div>\n","gt_translate_keys":[{"key":"rendered","format":"html"}]},"excerpt":{"rendered":"<p>\u00c9s la primera instal\u00b7laci\u00f3 de plaques fotovoltaiques de la instituci\u00f3 destinades a l\u2019autoconsum. Es produir\u00e0 un 8% de la necessitat d\u2019energia el\u00e8ctrica actual de l\u2019edifici Taul\u00ed nou.<\/p>\n","protected":false,"gt_translate_keys":[{"key":"rendered","format":"html"}]},"author":3,"featured_media":3636,"comment_status":"open","ping_status":"open","sticky":false,"template":"","format":"standard","meta":[],"categories":[1],"tags":[852,851],"gt_translate_keys":[{"key":"link","format":"url"}],"_links":{"self":[{"href":"https:\/\/www.tauli.cat\/actualitat\/wp-json\/wp\/v2\/posts\/3640"}],"collection":[{"href":"https:\/\/www.tauli.cat\/actualitat\/wp-json\/wp\/v2\/posts"}],"about":[{"href":"https:\/\/www.tauli.cat\/actualitat\/wp-json\/wp\/v2\/types\/post"}],"author":[{"embeddable":true,"href":"https:\/\/www.tauli.cat\/actualitat\/wp-json\/wp\/v2\/users\/3"}],"replies":[{"embeddable":true,"href":"https:\/\/www.tauli.cat\/actualitat\/wp-json\/wp\/v2\/comments?post=3640"}],"version-history":[{"count":4,"href":"https:\/\/www.tauli.cat\/actualitat\/wp-json\/wp\/v2\/posts\/3640\/revisions"}],"predecessor-version":[{"id":4052,"href":"https:\/\/www.tauli.cat\/actualitat\/wp-json\/wp\/v2\/posts\/3640\/revisions\/4052"}],"wp:featuredmedia":[{"embeddable":true,"href":"https:\/\/www.tauli.cat\/actualitat\/wp-json\/wp\/v2\/media\/3636"}],"wp:attachment":[{"href":"https:\/\/www.tauli.cat\/actualitat\/wp-json\/wp\/v2\/media?parent=3640"}],"wp:term":[{"taxonomy":"category","embeddable":true,"href":"https:\/\/www.tauli.cat\/actualitat\/wp-json\/wp\/v2\/categories?post=3640"},{"taxonomy":"post_tag","embeddable":true,"href":"https:\/\/www.tauli.cat\/actualitat\/wp-json\/wp\/v2\/tags?post=3640"}],"curies":[{"name":"wp","href":"https:\/\/api.w.org\/{rel}","templated":true}]}}