{"id":3747,"date":"2021-09-07T11:00:17","date_gmt":"2021-09-07T09:00:17","guid":{"rendered":"https:\/\/www.tauli.cat\/actualitat\/?p=3747"},"modified":"2021-10-08T10:24:28","modified_gmt":"2021-10-08T08:24:28","slug":"les-llevadores-del-parc-tauli-gemma-cazorla-i-olga-segarra-protagonistes-de-lobra-teatral-matrona","status":"publish","type":"post","link":"https:\/\/www.tauli.cat\/actualitat\/noticia\/2021\/09\/les-llevadores-del-parc-tauli-gemma-cazorla-i-olga-segarra-protagonistes-de-lobra-teatral-matrona\/","title":{"rendered":"Les llevadores del Parc Taul\u00ed, Gemma Cazorla i Olga Segarra, protagonistes de l'obra teatral \u2018Matrona\u2019","gt_translate_keys":[{"key":"rendered","format":"text"}]},"content":{"rendered":"<div data-section-type=\"fullwidth-background\" data-image-type=\"none\" data-full-height=\"no\" class=\"eut-section\"><div class=\"eut-row eut-bookmark\"><div class=\"wpb_column eut-column eut-column-1\"><div class=\"eut-element eut-text\"><p>L\u2019espectacle Matrona \u00e9s un muntatge que combina el format de documental audiovisual amb la dansa i la m\u00fasica en directe, que es pot veure <strong>del 2 al 12 de setembre al Teatre Gaud\u00ed, de Barcelona<\/strong>. Les protagonistes de l\u2019obra s\u00f3n les llevadores de Parc Taul\u00ed de Sabadell, Gemma Cazorla i Olga Segarra.<\/p>\n<p>L\u2019espectacle reflecteix la manera com treballen les llevadores i el seu paper d\u2019acompanyament durant el part. Ha estat dirigit per Manel Borr\u00e0s i produ\u00eft per Guineu Films.<\/p>\n<p>El COIB, que ha col\u00b7laborat amb la producci\u00f3 de l\u2019espectacle, ofereix a les persones col\u00b7legiades un descompte del 40% en el preu de les entrades, que queden per 12 euros (el preu real \u00e9s de 20 euros). <a href=\"https:\/\/www.coib.cat\/ca-es\/actualitat\/noticies-del-col-legi\/el-coib-col-labora-amb-espectacle-matrona-que-es-pot-veure-del-2-al-12-de-setembre-al-teatre-gaudi.html\" target=\"_blank\" rel=\"noopener\">M\u00e9s informaci\u00f3<\/a><\/p>\n<h3>Sinopsi<\/h3>\n<p style=\"font-weight: inherit; font-style: inherit;\">MATRONA uneix el documental amb la dansa i la m\u00fasica en directe, creant un moment m\u00e0gic on la vida \u00e9s la protagonista. Matrona parla d\u2019acompanyar, d\u2019unir, de la solitud i de la reflexi\u00f3 de la vida. Dansa contempor\u00e0nia, ball i cant flamenc, cant modern, m\u00fasica electr\u00f2nica i cl\u00e0ssica, s\u00f3n alguns dels elements que donen forma a aquesta nova creaci\u00f3.<\/p>\n<\/div><\/div><\/div><div class=\"eut-bg-wrapper\"><\/div><\/div><div data-section-type=\"fullwidth-background\" data-image-type=\"none\" data-full-height=\"no\" class=\"eut-section\"><div class=\"eut-row eut-bookmark\"><div class=\"wpb_column eut-column eut-column-1\"><div class=\"eut-element eut-video\" style=\"\"><iframe title=\"matrona\" width=\"1080\" height=\"608\" src=\"https:\/\/www.youtube.com\/embed\/VXamXs3A3tc?feature=oembed\" frameborder=\"0\" allow=\"accelerometer; autoplay; clipboard-write; encrypted-media; gyroscope; picture-in-picture\" allowfullscreen><\/iframe><\/div><\/div><\/div><div class=\"eut-bg-wrapper\"><\/div><\/div><div data-section-type=\"fullwidth-background\" data-image-type=\"none\" data-full-height=\"no\" class=\"eut-section\"><div class=\"eut-row eut-bookmark\"><div class=\"wpb_column eut-column eut-column-1\"><div class=\"eut-element eut-box-icon eut-align-left eut-medium\" style=\"\"><a href=\"https:\/\/teatregaudibarcelona.com\/calendari\/matrona\/\" target=\"_blank\">  <div class=\"eut-wrapper-icon eut-no-shape eut-color-grey\"><i class=\"fas fa-globe-africa eut-color-primary-1\"><\/i><\/div><\/a>  <div class=\"eut-box-content\"><a href=\"https:\/\/teatregaudibarcelona.com\/calendari\/matrona\/\" target=\"_blank\">      <h3 class=\"eut-box-title\">Tota la informaci\u00f3 de l\u2019obra<\/h3><\/a>    <p class=\"\">Enlla\u00e7 a la p\u00e0gina web del Teatre Gaud\u00ed de Barcelona<\/p>  <\/div><\/div><\/div><\/div><div class=\"eut-bg-wrapper\"><\/div><\/div>\n","gt_translate_keys":[{"key":"rendered","format":"html"}]},"excerpt":{"rendered":"<p>L&#8217;obra es pot veure del 2 al 12 de setembre al Teatre Gaud\u00ed, de Barcelona.<\/p>\n","protected":false,"gt_translate_keys":[{"key":"rendered","format":"html"}]},"author":2,"featured_media":3742,"comment_status":"open","ping_status":"open","sticky":false,"template":"","format":"standard","meta":[],"categories":[1],"tags":[857,858],"gt_translate_keys":[{"key":"link","format":"url"}],"_links":{"self":[{"href":"https:\/\/www.tauli.cat\/actualitat\/wp-json\/wp\/v2\/posts\/3747"}],"collection":[{"href":"https:\/\/www.tauli.cat\/actualitat\/wp-json\/wp\/v2\/posts"}],"about":[{"href":"https:\/\/www.tauli.cat\/actualitat\/wp-json\/wp\/v2\/types\/post"}],"author":[{"embeddable":true,"href":"https:\/\/www.tauli.cat\/actualitat\/wp-json\/wp\/v2\/users\/2"}],"replies":[{"embeddable":true,"href":"https:\/\/www.tauli.cat\/actualitat\/wp-json\/wp\/v2\/comments?post=3747"}],"version-history":[{"count":6,"href":"https:\/\/www.tauli.cat\/actualitat\/wp-json\/wp\/v2\/posts\/3747\/revisions"}],"predecessor-version":[{"id":4053,"href":"https:\/\/www.tauli.cat\/actualitat\/wp-json\/wp\/v2\/posts\/3747\/revisions\/4053"}],"wp:featuredmedia":[{"embeddable":true,"href":"https:\/\/www.tauli.cat\/actualitat\/wp-json\/wp\/v2\/media\/3742"}],"wp:attachment":[{"href":"https:\/\/www.tauli.cat\/actualitat\/wp-json\/wp\/v2\/media?parent=3747"}],"wp:term":[{"taxonomy":"category","embeddable":true,"href":"https:\/\/www.tauli.cat\/actualitat\/wp-json\/wp\/v2\/categories?post=3747"},{"taxonomy":"post_tag","embeddable":true,"href":"https:\/\/www.tauli.cat\/actualitat\/wp-json\/wp\/v2\/tags?post=3747"}],"curies":[{"name":"wp","href":"https:\/\/api.w.org\/{rel}","templated":true}]}}