{"id":3865,"date":"2021-09-10T09:40:53","date_gmt":"2021-09-10T07:40:53","guid":{"rendered":"https:\/\/www.tauli.cat\/actualitat\/?p=3865"},"modified":"2021-09-10T12:02:23","modified_gmt":"2021-09-10T10:02:23","slug":"el-director-de-salut-mental-parc-tauli-diego-j-palao-membre-de-lequip-de-desenvolupament-del-pla-de-prevencio-del-suicidi-de-catalunya","status":"publish","type":"post","link":"https:\/\/www.tauli.cat\/actualitat\/noticia\/2021\/09\/el-director-de-salut-mental-parc-tauli-diego-j-palao-membre-de-lequip-de-desenvolupament-del-pla-de-prevencio-del-suicidi-de-catalunya\/","title":{"rendered":"El director de Salut Mental Parc Taul\u00ed, Diego J. Palao, membre de l\u2019equip de desenvolupament del Pla de prevenci\u00f3 del su\u00efcidi de Catalunya","gt_translate_keys":[{"key":"rendered","format":"text"}]},"content":{"rendered":"<div data-section-type=\"fullwidth-background\" data-image-type=\"none\" data-full-height=\"no\" class=\"eut-section\"><div class=\"eut-row eut-bookmark\"><div class=\"wpb_column eut-column eut-column-1\"><div class=\"eut-element eut-text\"><p>El Departament Salut va presentar ahir en roda de premsa el <strong>Pla de prevenci\u00f3 del su\u00efcidi de Catalunya\u00a02021-2025 (PLAPRESC)\u00a0<\/strong>que va comptar amb la participaci\u00f3 del director de Salut Mental del Parc Taul\u00ed, Diego J. Palao, com a membre de l\u2019equip de desenvolupament del Pla que t\u00e9 com a objectiu reduir les temptatives la taxa de mort per su\u00efcidi en mes d\u2019un 15%, \u00a0aix\u00ed com l\u2019estigma social.<!--more--><\/p>\n<p>El su\u00efcidi \u00e9s un problema de salut d\u2019una dimensi\u00f3 extraordin\u00e0ria, sent la principal causa de mort externa a Catalunya i a Espanya, doblant als accidents de tr\u00e0nsit, especialment entre joves de 15 a 29 anys. A Catalunya moren cada any unes 450 persones per su\u00efcidi i entre 20 i 30 persones a l\u2019\u00e0rea de refer\u00e8ncia sanit\u00e0ria del Parc Taul\u00ed.<\/p>\n<p>El Pla de prevenci\u00f3 del su\u00efcidi de Catalunya 2021-2025 (PLAPRESC) t\u00e9 com a objectiu reduir el 2030 la taxa de temptatives i mort per su\u00efcidi en m\u00e9s d\u2019un 15% i en m\u00e9s d\u2019un 20% en els grups prioritaris, aix\u00ed com reduir l\u2019estigma social.<\/p>\n<p>El Dr. Palao destaca que \u201c<strong>el Pla proporciona una eina extraordin\u00e0ria per poder fer una prevenci\u00f3 efica\u00e7 mitjan\u00e7ant intervencions, no nom\u00e9s en l\u2019\u00e0mbit sanitari, sin\u00f3 tamb\u00e9 en tots els \u00e0mbits socials i s\u2019espera reduir l\u2019estigma que, malauradament, t\u00e9 aquest tema en la nostra societat perqu\u00e8 moltes vegades s\u2019associa, de forma equivocada, a un acte voluntari i no a un problema de salut\u201d<\/strong>.<\/p>\n<p>Palao remarca que\u00a0 el su\u00efcidi es pot prevenir actuant sobre els factors de risc i que s\u00f3n coneguts, com ara les temptatives pr\u00e8vies. Un factor en el qual ja s\u2019estava treballant a trav\u00e9s del Codi Risc Su\u00efcidi Catalunya i en altres factors com la millora del tractament de la depressi\u00f3 i altres malalties mentals, aix\u00ed com aspectes socials.<\/p>\n<p>El <strong>Parc Taul\u00ed ha estat pioner en implementar el Codi Risc Su\u00efcidi<\/strong> que b\u00e0sicament detecta les persones que han tingut una temptativa pr\u00e8via i que tenen el m\u00e0xim nivell de risc per reincidir. Aquesta actuaci\u00f3 es va posar en marxa al Parc Taul\u00ed l\u2019any 2008 i forma part del proc\u00e9s d\u2019atenci\u00f3 habitual.<\/p>\n<p>En declaracions a la roda de premsa celebrada ahir, Palao va manifestar que<strong> \u201cel nou Pla es suma a les actuacions pr\u00e8vies i permetr\u00e0 una enorme millora en la prevenci\u00f3 del su\u00efcidi mitjan\u00e7ant una acci\u00f3 multisectorial i multinivell implicant a tots els departaments de la Generalitat amb accions concretes\u201d. <\/strong>Tamb\u00e9 va demanar als mitjans de comunicaci\u00f3 <strong>\u201cla seva ajuda en la difusi\u00f3 del lema del Pla &#8211; <em>Tria la vida\u00a0<\/em>&#8211; \u00a0per tal que qualsevol persona que estigui en una situaci\u00f3 de risc de su\u00efcidi, es posi en contacte amb els seveis de Catsalut (061, atenci\u00f3 prim\u00e0ria, serveis d\u2019urg\u00e8ncies o serveis de salut mental) per accedir a una ajuda efectiva\u201d.<\/strong><\/p>\n<\/div><div class=\"eut-element eut-box-icon eut-align-left eut-medium\" style=\"\"><a href=\"http:\/\/bategades.tauli.cat\/wp-content\/uploads\/2021\/09\/2021_09_10_DiaMundialPrevencioSuicidi.pdf\" target=\"_blank\">  <div class=\"eut-wrapper-icon eut-no-shape eut-color-grey\"><i class=\"far fa-file-alt eut-color-primary-1\"><\/i><\/div><\/a>  <div class=\"eut-box-content\"><a href=\"http:\/\/bategades.tauli.cat\/wp-content\/uploads\/2021\/09\/2021_09_10_DiaMundialPrevencioSuicidi.pdf\" target=\"_blank\">      <h3 class=\"eut-box-title\">Nota de premsa del Parc Taul\u00ed<\/h3><\/a>    <p class=\"\">Format pdf<\/p>  <\/div><\/div><div class=\"eut-element eut-box-icon eut-align-left eut-medium\" style=\"\"><a href=\"https:\/\/govern.cat\/salapremsa\/notes-premsa\/413428\/salut-presenta-pla-prevencio-suicidis-reduir-ne-casos-lestigma-social-catalunya\" target=\"_blank\">  <div class=\"eut-wrapper-icon eut-no-shape eut-color-grey\"><i class=\"far fa-file-alt eut-color-primary-1\"><\/i><\/div><\/a>  <div class=\"eut-box-content\"><a href=\"https:\/\/govern.cat\/salapremsa\/notes-premsa\/413428\/salut-presenta-pla-prevencio-suicidis-reduir-ne-casos-lestigma-social-catalunya\" target=\"_blank\">      <h3 class=\"eut-box-title\">Nota de premsa del Departament de Salut. Presentaci\u00f3 del Pla de prevenci\u00f3 del su\u00efcidi<\/h3><\/a>    <p class=\"\">Format pdf<\/p>  <\/div><\/div><\/div><\/div><div class=\"eut-bg-wrapper\"><\/div><\/div>\n","gt_translate_keys":[{"key":"rendered","format":"html"}]},"excerpt":{"rendered":"<p>El Pla t\u00e9 com a objectiu reduir el 2030 la taxa de temptatives i mort per su\u00efcidi en m\u00e9s d\u2019un 15% i en m\u00e9s d\u2019un 20% en els grups prioritaris, aix\u00ed com reduir l\u2019estigma social.<\/p>\n","protected":false,"gt_translate_keys":[{"key":"rendered","format":"html"}]},"author":2,"featured_media":3867,"comment_status":"open","ping_status":"open","sticky":false,"template":"","format":"video","meta":[],"categories":[1],"tags":[740,861,862],"gt_translate_keys":[{"key":"link","format":"url"}],"_links":{"self":[{"href":"https:\/\/www.tauli.cat\/actualitat\/wp-json\/wp\/v2\/posts\/3865"}],"collection":[{"href":"https:\/\/www.tauli.cat\/actualitat\/wp-json\/wp\/v2\/posts"}],"about":[{"href":"https:\/\/www.tauli.cat\/actualitat\/wp-json\/wp\/v2\/types\/post"}],"author":[{"embeddable":true,"href":"https:\/\/www.tauli.cat\/actualitat\/wp-json\/wp\/v2\/users\/2"}],"replies":[{"embeddable":true,"href":"https:\/\/www.tauli.cat\/actualitat\/wp-json\/wp\/v2\/comments?post=3865"}],"version-history":[{"count":11,"href":"https:\/\/www.tauli.cat\/actualitat\/wp-json\/wp\/v2\/posts\/3865\/revisions"}],"predecessor-version":[{"id":3934,"href":"https:\/\/www.tauli.cat\/actualitat\/wp-json\/wp\/v2\/posts\/3865\/revisions\/3934"}],"wp:featuredmedia":[{"embeddable":true,"href":"https:\/\/www.tauli.cat\/actualitat\/wp-json\/wp\/v2\/media\/3867"}],"wp:attachment":[{"href":"https:\/\/www.tauli.cat\/actualitat\/wp-json\/wp\/v2\/media?parent=3865"}],"wp:term":[{"taxonomy":"category","embeddable":true,"href":"https:\/\/www.tauli.cat\/actualitat\/wp-json\/wp\/v2\/categories?post=3865"},{"taxonomy":"post_tag","embeddable":true,"href":"https:\/\/www.tauli.cat\/actualitat\/wp-json\/wp\/v2\/tags?post=3865"}],"curies":[{"name":"wp","href":"https:\/\/api.w.org\/{rel}","templated":true}]}}