{"id":4055,"date":"2021-10-08T14:18:59","date_gmt":"2021-10-08T12:18:59","guid":{"rendered":"https:\/\/www.tauli.cat\/actualitat\/?p=4055"},"modified":"2021-10-30T08:54:14","modified_gmt":"2021-10-30T06:54:14","slug":"lartextil-es-convertira-en-seu-del-campus-urba-de-ciencies-de-la-vida-i-de-la-salut","status":"publish","type":"post","link":"https:\/\/www.tauli.cat\/actualitat\/noticia\/2021\/10\/lartextil-es-convertira-en-seu-del-campus-urba-de-ciencies-de-la-vida-i-de-la-salut\/","title":{"rendered":"L'Art\u00e8xtil es convertir\u00e0 en seu del Campus Urb\u00e0 de Ci\u00e8ncies de la Vida i de la Salut","gt_translate_keys":[{"key":"rendered","format":"text"}]},"content":{"rendered":"<div data-section-type=\"fullwidth-background\" data-image-type=\"none\" data-full-height=\"no\" class=\"eut-section\"><div class=\"eut-row eut-bookmark\"><div class=\"wpb_column eut-column eut-column-1\"><div class=\"eut-element eut-text\"><p>L\u2019Ajuntament de Sabadell, la Universitat Aut\u00f2noma de Barcelona (UAB), la Corporaci\u00f3 Sanit\u00e0ria Parc Taul\u00ed (CSPT) i la Fundaci\u00f3 FUNDIT-ESDi han signat avui un protocol per impulsar a la ciutat el Campus Urb\u00e0 de Ci\u00e8ncies de la Vida i la Salut. Es tracta d\u2019un projecte de gran abast que contempla tot un conjunt d\u2019accions formatives, de recerca, innovaci\u00f3 i creaci\u00f3 d\u2019empreses, que generaran coneixement i activitat econ\u00f2mica i situaran Sabadell com a epicentre de la formaci\u00f3, la investigaci\u00f3 i l\u2019emprenedoria lligades a la ci\u00e8ncies m\u00e8diques.<\/p>\n<p>El protocol l\u2019han signat l\u2019alcaldessa, Marta Farr\u00e9s; el rector de la UAB, Javier Lafuente; la presidenta del Consorci Corporaci\u00f3 Sanit\u00e0ria Parc Taul\u00ed, Mariona Creus i el president de la FUNDIT, Juan Jos\u00e9 P\u00e9rez.<!--more--><\/p>\n<p>El nou Campus Urb\u00e0 vol sumar les l\u00ednies de treball i el potencial que cadascuna de les institucions signants est\u00e0 portant a terme o pot desenvolupar a l\u2019entorn dels \u00e0mbits de la Salut i les Ci\u00e8ncies de la Vida, promovent alhora el treball conjunt i la coordinaci\u00f3 i sumant-hi m\u00e9s complicitats que donin lloc a noves iniciatives.<\/p>\n<p>Entre els projectes que es portaran a terme en el marc del nou Campus, l\u2019antiga f\u00e0brica Art\u00e8xtil acollir\u00e0 gran part de l\u2019ampliaci\u00f3 de places del grau d\u2019Infermeria de la UAB. A banda dels diferents projectes, integraran el nou Campus Urb\u00e0 de Ci\u00e8ncies de la Vida i de la Salut les naus Bosser, propietat de la Corporaci\u00f3 Sanit\u00e0ria Parc Taul\u00ed, on s\u2019ubicaran laboratoris, espais de recerca i per a empreses. Un nou element que es sumaria a altres actuacions que ja desenvolupa el Taul\u00ed com ara els serveis de la UDIAT o el Centre d\u2019Investigaci\u00f3 i Innovaci\u00f3 (l\u2019I3PT).<\/p>\n<\/div><\/div><\/div><div class=\"eut-bg-wrapper\"><\/div><\/div><div data-section-type=\"fullwidth-background\" data-image-type=\"none\" data-full-height=\"no\" class=\"eut-section\"><div class=\"eut-row eut-bookmark\"><div class=\"wpb_column eut-column eut-column-1\"><div class=\"eut-element eut-box-icon eut-align-left eut-medium\" style=\"\"><a href=\"https:\/\/web.sabadell.cat\/actualitat\/notis\/item\/l-artextil-es-convertira-en-seu-del-campus-urba-de-ciencies-de-la-vida-i-de-la-salut\" target=\"_blank\">  <div class=\"eut-wrapper-icon eut-no-shape eut-color-grey\"><i class=\"fas fa-globe-africa eut-color-primary-1\"><\/i><\/div><\/a>  <div class=\"eut-box-content\"><a href=\"https:\/\/web.sabadell.cat\/actualitat\/notis\/item\/l-artextil-es-convertira-en-seu-del-campus-urba-de-ciencies-de-la-vida-i-de-la-salut\" target=\"_blank\">      <h3 class=\"eut-box-title\">Nota de premsa<\/h3><\/a>    <p class=\"\">Enlla\u00e7 a la web de l&#8217;Ajuntament de Sabadell<\/p>  <\/div><\/div><\/div><\/div><div class=\"eut-bg-wrapper\"><\/div><\/div><div data-section-type=\"fullwidth-background\" data-image-type=\"none\" data-full-height=\"no\" class=\"eut-section\"><div class=\"eut-row eut-bookmark\"><div class=\"wpb_column eut-column eut-column-1\"><div class=\"eut-element eut-gallery eut-isotope eut-gallery-popup eut-with-gap\" style=\"\" data-columns=\"2\" data-columns-tablet-landscape=\"2\" data-columns-tablet-portrait=\"2\" data-columns-mobile=\"1\" data-layout=\"fitRows\">  <div class=\"eut-isotope-container\"><div class=\"eut-isotope-item \"><a href=\"https:\/\/www.tauli.cat\/actualitat\/wp-content\/uploads\/2021\/10\/IMG-6757-1920x1440.jpg\">    <figure class=\"eut-image-hover eut-zoom-none\">      <div class=\"eut-media eut-light-overlay eut-opacity-90\"><img width=\"600\" height=\"600\" src=\"https:\/\/www.tauli.cat\/actualitat\/wp-content\/uploads\/2021\/10\/IMG-6757-600x600.jpg\" class=\"attachment-eut-image-small-square size-eut-image-small-square\" alt=\"\" decoding=\"async\" loading=\"lazy\" srcset=\"https:\/\/www.tauli.cat\/actualitat\/wp-content\/uploads\/2021\/10\/IMG-6757-600x600.jpg 600w, https:\/\/www.tauli.cat\/actualitat\/wp-content\/uploads\/2021\/10\/IMG-6757-150x150.jpg 150w, https:\/\/www.tauli.cat\/actualitat\/wp-content\/uploads\/2021\/10\/IMG-6757-1120x1120.jpg 1120w, https:\/\/www.tauli.cat\/actualitat\/wp-content\/uploads\/2021\/10\/IMG-6757-24x24.jpg 24w, https:\/\/www.tauli.cat\/actualitat\/wp-content\/uploads\/2021\/10\/IMG-6757-48x48.jpg 48w, https:\/\/www.tauli.cat\/actualitat\/wp-content\/uploads\/2021\/10\/IMG-6757-96x96.jpg 96w, https:\/\/www.tauli.cat\/actualitat\/wp-content\/uploads\/2021\/10\/IMG-6757-300x300.jpg 300w\" sizes=\"(max-width: 600px) 100vw, 600px\" \/>      <\/div>      <figcaption>      <\/figcaption>    <\/figure><\/a><\/div><div class=\"eut-isotope-item \"><a href=\"https:\/\/www.tauli.cat\/actualitat\/wp-content\/uploads\/2021\/10\/IMG-6756-1920x1440.jpg\">    <figure class=\"eut-image-hover eut-zoom-none\">      <div class=\"eut-media eut-light-overlay eut-opacity-90\"><img width=\"600\" height=\"600\" src=\"https:\/\/www.tauli.cat\/actualitat\/wp-content\/uploads\/2021\/10\/IMG-6756-600x600.jpg\" class=\"attachment-eut-image-small-square size-eut-image-small-square\" alt=\"\" decoding=\"async\" loading=\"lazy\" srcset=\"https:\/\/www.tauli.cat\/actualitat\/wp-content\/uploads\/2021\/10\/IMG-6756-600x600.jpg 600w, https:\/\/www.tauli.cat\/actualitat\/wp-content\/uploads\/2021\/10\/IMG-6756-150x150.jpg 150w, https:\/\/www.tauli.cat\/actualitat\/wp-content\/uploads\/2021\/10\/IMG-6756-1120x1120.jpg 1120w, https:\/\/www.tauli.cat\/actualitat\/wp-content\/uploads\/2021\/10\/IMG-6756-24x24.jpg 24w, https:\/\/www.tauli.cat\/actualitat\/wp-content\/uploads\/2021\/10\/IMG-6756-48x48.jpg 48w, https:\/\/www.tauli.cat\/actualitat\/wp-content\/uploads\/2021\/10\/IMG-6756-96x96.jpg 96w, https:\/\/www.tauli.cat\/actualitat\/wp-content\/uploads\/2021\/10\/IMG-6756-300x300.jpg 300w\" sizes=\"(max-width: 600px) 100vw, 600px\" \/>      <\/div>      <figcaption>      <\/figcaption>    <\/figure><\/a><\/div><div class=\"eut-isotope-item \"><a href=\"https:\/\/www.tauli.cat\/actualitat\/wp-content\/uploads\/2021\/10\/IMG-6754-1920x1440.jpg\">    <figure class=\"eut-image-hover eut-zoom-none\">      <div class=\"eut-media eut-light-overlay eut-opacity-90\"><img width=\"600\" height=\"600\" src=\"https:\/\/www.tauli.cat\/actualitat\/wp-content\/uploads\/2021\/10\/IMG-6754-600x600.jpg\" class=\"attachment-eut-image-small-square size-eut-image-small-square\" alt=\"\" decoding=\"async\" loading=\"lazy\" srcset=\"https:\/\/www.tauli.cat\/actualitat\/wp-content\/uploads\/2021\/10\/IMG-6754-600x600.jpg 600w, https:\/\/www.tauli.cat\/actualitat\/wp-content\/uploads\/2021\/10\/IMG-6754-150x150.jpg 150w, https:\/\/www.tauli.cat\/actualitat\/wp-content\/uploads\/2021\/10\/IMG-6754-1120x1120.jpg 1120w, https:\/\/www.tauli.cat\/actualitat\/wp-content\/uploads\/2021\/10\/IMG-6754-24x24.jpg 24w, https:\/\/www.tauli.cat\/actualitat\/wp-content\/uploads\/2021\/10\/IMG-6754-48x48.jpg 48w, https:\/\/www.tauli.cat\/actualitat\/wp-content\/uploads\/2021\/10\/IMG-6754-96x96.jpg 96w, https:\/\/www.tauli.cat\/actualitat\/wp-content\/uploads\/2021\/10\/IMG-6754-300x300.jpg 300w\" sizes=\"(max-width: 600px) 100vw, 600px\" \/>      <\/div>      <figcaption>      <\/figcaption>    <\/figure><\/a><\/div><div class=\"eut-isotope-item \"><a href=\"https:\/\/www.tauli.cat\/actualitat\/wp-content\/uploads\/2021\/10\/IMG-6755-1920x1440.jpg\">    <figure class=\"eut-image-hover eut-zoom-none\">      <div class=\"eut-media eut-light-overlay eut-opacity-90\"><img width=\"600\" height=\"600\" src=\"https:\/\/www.tauli.cat\/actualitat\/wp-content\/uploads\/2021\/10\/IMG-6755-600x600.jpg\" class=\"attachment-eut-image-small-square size-eut-image-small-square\" alt=\"\" decoding=\"async\" loading=\"lazy\" srcset=\"https:\/\/www.tauli.cat\/actualitat\/wp-content\/uploads\/2021\/10\/IMG-6755-600x600.jpg 600w, https:\/\/www.tauli.cat\/actualitat\/wp-content\/uploads\/2021\/10\/IMG-6755-150x150.jpg 150w, https:\/\/www.tauli.cat\/actualitat\/wp-content\/uploads\/2021\/10\/IMG-6755-1120x1120.jpg 1120w, https:\/\/www.tauli.cat\/actualitat\/wp-content\/uploads\/2021\/10\/IMG-6755-24x24.jpg 24w, https:\/\/www.tauli.cat\/actualitat\/wp-content\/uploads\/2021\/10\/IMG-6755-48x48.jpg 48w, https:\/\/www.tauli.cat\/actualitat\/wp-content\/uploads\/2021\/10\/IMG-6755-96x96.jpg 96w, https:\/\/www.tauli.cat\/actualitat\/wp-content\/uploads\/2021\/10\/IMG-6755-300x300.jpg 300w\" sizes=\"(max-width: 600px) 100vw, 600px\" \/>      <\/div>      <figcaption>      <\/figcaption>    <\/figure><\/a><\/div><div class=\"eut-isotope-item \"><a href=\"https:\/\/www.tauli.cat\/actualitat\/wp-content\/uploads\/2021\/10\/IMG-6742.jpg\">    <figure class=\"eut-image-hover eut-zoom-none\">      <div class=\"eut-media eut-light-overlay eut-opacity-90\"><img width=\"600\" height=\"458\" src=\"https:\/\/www.tauli.cat\/actualitat\/wp-content\/uploads\/2021\/10\/IMG-6742-600x458.jpg\" class=\"attachment-eut-image-small-square size-eut-image-small-square\" alt=\"\" decoding=\"async\" loading=\"lazy\" \/>      <\/div>      <figcaption>      <\/figcaption>    <\/figure><\/a><\/div><div class=\"eut-isotope-item \"><a href=\"https:\/\/www.tauli.cat\/actualitat\/wp-content\/uploads\/2021\/10\/IMG-6747-1920x1440.jpg\">    <figure class=\"eut-image-hover eut-zoom-none\">      <div class=\"eut-media eut-light-overlay eut-opacity-90\"><img width=\"600\" height=\"600\" src=\"https:\/\/www.tauli.cat\/actualitat\/wp-content\/uploads\/2021\/10\/IMG-6747-600x600.jpg\" class=\"attachment-eut-image-small-square size-eut-image-small-square\" alt=\"\" decoding=\"async\" loading=\"lazy\" srcset=\"https:\/\/www.tauli.cat\/actualitat\/wp-content\/uploads\/2021\/10\/IMG-6747-600x600.jpg 600w, https:\/\/www.tauli.cat\/actualitat\/wp-content\/uploads\/2021\/10\/IMG-6747-150x150.jpg 150w, https:\/\/www.tauli.cat\/actualitat\/wp-content\/uploads\/2021\/10\/IMG-6747-1120x1120.jpg 1120w, https:\/\/www.tauli.cat\/actualitat\/wp-content\/uploads\/2021\/10\/IMG-6747-24x24.jpg 24w, https:\/\/www.tauli.cat\/actualitat\/wp-content\/uploads\/2021\/10\/IMG-6747-48x48.jpg 48w, https:\/\/www.tauli.cat\/actualitat\/wp-content\/uploads\/2021\/10\/IMG-6747-96x96.jpg 96w, https:\/\/www.tauli.cat\/actualitat\/wp-content\/uploads\/2021\/10\/IMG-6747-300x300.jpg 300w\" sizes=\"(max-width: 600px) 100vw, 600px\" \/>      <\/div>      <figcaption>      <\/figcaption>    <\/figure><\/a><\/div><div class=\"eut-isotope-item \"><a href=\"https:\/\/www.tauli.cat\/actualitat\/wp-content\/uploads\/2021\/10\/IMG-6741-1920x1440.jpg\">    <figure class=\"eut-image-hover eut-zoom-none\">      <div class=\"eut-media eut-light-overlay eut-opacity-90\"><img width=\"600\" height=\"600\" src=\"https:\/\/www.tauli.cat\/actualitat\/wp-content\/uploads\/2021\/10\/IMG-6741-600x600.jpg\" class=\"attachment-eut-image-small-square size-eut-image-small-square\" alt=\"\" decoding=\"async\" loading=\"lazy\" srcset=\"https:\/\/www.tauli.cat\/actualitat\/wp-content\/uploads\/2021\/10\/IMG-6741-600x600.jpg 600w, https:\/\/www.tauli.cat\/actualitat\/wp-content\/uploads\/2021\/10\/IMG-6741-150x150.jpg 150w, https:\/\/www.tauli.cat\/actualitat\/wp-content\/uploads\/2021\/10\/IMG-6741-1120x1120.jpg 1120w, https:\/\/www.tauli.cat\/actualitat\/wp-content\/uploads\/2021\/10\/IMG-6741-24x24.jpg 24w, https:\/\/www.tauli.cat\/actualitat\/wp-content\/uploads\/2021\/10\/IMG-6741-48x48.jpg 48w, https:\/\/www.tauli.cat\/actualitat\/wp-content\/uploads\/2021\/10\/IMG-6741-96x96.jpg 96w, https:\/\/www.tauli.cat\/actualitat\/wp-content\/uploads\/2021\/10\/IMG-6741-300x300.jpg 300w\" sizes=\"(max-width: 600px) 100vw, 600px\" \/>      <\/div>      <figcaption>      <\/figcaption>    <\/figure><\/a><\/div>  <\/div><\/div><\/div><\/div><div class=\"eut-bg-wrapper\"><\/div><\/div>\n","gt_translate_keys":[{"key":"rendered","format":"html"}]},"excerpt":{"rendered":"<p>L\u2019Ajuntament de Sabadell, la Universitat Aut\u00f2noma de Barcelona (UAB), la Corporaci\u00f3 Sanit\u00e0ria Parc Taul\u00ed (CSPT) i la Fundaci\u00f3 FUNDIT-ESDi han signat avui un protocol per impulsar a la ciutat el Campus Urb\u00e0 de Ci\u00e8ncies de la Vida i la Salut.<\/p>\n","protected":false,"gt_translate_keys":[{"key":"rendered","format":"html"}]},"author":2,"featured_media":4059,"comment_status":"open","ping_status":"open","sticky":false,"template":"","format":"standard","meta":[],"categories":[1],"tags":[869,871,870],"gt_translate_keys":[{"key":"link","format":"url"}],"_links":{"self":[{"href":"https:\/\/www.tauli.cat\/actualitat\/wp-json\/wp\/v2\/posts\/4055"}],"collection":[{"href":"https:\/\/www.tauli.cat\/actualitat\/wp-json\/wp\/v2\/posts"}],"about":[{"href":"https:\/\/www.tauli.cat\/actualitat\/wp-json\/wp\/v2\/types\/post"}],"author":[{"embeddable":true,"href":"https:\/\/www.tauli.cat\/actualitat\/wp-json\/wp\/v2\/users\/2"}],"replies":[{"embeddable":true,"href":"https:\/\/www.tauli.cat\/actualitat\/wp-json\/wp\/v2\/comments?post=4055"}],"version-history":[{"count":10,"href":"https:\/\/www.tauli.cat\/actualitat\/wp-json\/wp\/v2\/posts\/4055\/revisions"}],"predecessor-version":[{"id":4152,"href":"https:\/\/www.tauli.cat\/actualitat\/wp-json\/wp\/v2\/posts\/4055\/revisions\/4152"}],"wp:featuredmedia":[{"embeddable":true,"href":"https:\/\/www.tauli.cat\/actualitat\/wp-json\/wp\/v2\/media\/4059"}],"wp:attachment":[{"href":"https:\/\/www.tauli.cat\/actualitat\/wp-json\/wp\/v2\/media?parent=4055"}],"wp:term":[{"taxonomy":"category","embeddable":true,"href":"https:\/\/www.tauli.cat\/actualitat\/wp-json\/wp\/v2\/categories?post=4055"},{"taxonomy":"post_tag","embeddable":true,"href":"https:\/\/www.tauli.cat\/actualitat\/wp-json\/wp\/v2\/tags?post=4055"}],"curies":[{"name":"wp","href":"https:\/\/api.w.org\/{rel}","templated":true}]}}