{"id":46814,"date":"2025-03-28T10:00:34","date_gmt":"2025-03-28T09:00:34","guid":{"rendered":"https:\/\/www.tauli.cat\/actualitat\/?p=46814"},"modified":"2025-03-27T14:09:57","modified_gmt":"2025-03-27T13:09:57","slug":"el-parc-tauli-pioner-en-labordatge-del-dolor-lumbar-utilitzant-la-tecnica-de-lepiduriscopia","status":"publish","type":"post","link":"https:\/\/www.tauli.cat\/actualitat\/noticia\/2025\/03\/el-parc-tauli-pioner-en-labordatge-del-dolor-lumbar-utilitzant-la-tecnica-de-lepiduriscopia\/","title":{"rendered":"El Parc Taul\u00ed pioner en l\u2019abordatge del dolor lumbar utilitzant la t\u00e8cnica de l\u2019epidurisc\u00f2pia","gt_translate_keys":[{"key":"rendered","format":"text"}]},"content":{"rendered":"<div data-section-type=\"fullwidth-background\" data-image-type=\"none\" data-full-height=\"no\" class=\"eut-section\"><div class=\"eut-row eut-bookmark\"><div class=\"wpb_column eut-column eut-column-1\"><div class=\"eut-element eut-text\"><p>La Unitat del Dolor del Parc Taul\u00ed ha marcat un punt d\u2019inflexi\u00f3 en el tractament del dolor cr\u00f2nic per oferir noves opcions terap\u00e8utiques als seus pacients. El passat 7 de mar\u00e7, professionals de la Unitat del Dolor i especialistes de l\u2019Hospital Intermutual de Euskadi, van realitzar amb \u00e8xit la primera epidurosc\u00f2pia a una pacient de 42 anys amb adher\u00e8ncies postquir\u00fargiques que patia un dolor cr\u00f2nic agut refractari a tots els tractaments realitzats. La intervenci\u00f3 va ser un \u00e8xit, i al cap de quatre hores la pacient va poder marxar a casa.<\/p>\n<p>D\u2019aquesta manera, el Parc Taul\u00ed es converteix en centre pioner utilitzant aquest procediment m\u00ednimament invasiu que permet la visualitzaci\u00f3 directa de l\u2019espai epidural mitjan\u00e7ant l\u2019\u00fas d\u2019un endoscopi.<\/p>\n<p>L\u2019epidurosc\u00f2pia \u00e9s una t\u00e8cnica avan\u00e7ada que permet diagnosticar i tractar diverses patologies relacionades amb el dolor lumbar, com les adher\u00e8ncies postquir\u00fargiques -s\u00f3n membranes fibrosi que es formen entre teixits com a resposta de l\u2019organisme a les agressions que causen una reacci\u00f3 inflamat\u00f2ria, com les lesions que poden produir-se durant una intervenci\u00f3 quir\u00fargica-.<\/p>\n<p>El procediment consisteix en l\u2019\u00fas d\u2019un cat\u00e8ter flexible, a trav\u00e9s del qual s\u2019introdueix una fibra \u00f2ptica que permet visualitzar amb precisi\u00f3 les arrels nervioses afectades per les cicatrius formades despr\u00e9s d\u2019una intervenci\u00f3 quir\u00fargica. A trav\u00e9s del mateix dispositiu, s\u2019introdueix un cat\u00e8ter amb bal\u00f3 i s\u2019injecten subst\u00e0ncies espec\u00edfiques per alliberar les adher\u00e8ncies de forma mec\u00e0nica i qu\u00edmica, i alliberar les estructures nervioses, alleugerant aix\u00ed el dolor i reduint la necessitat d\u2019intervencions m\u00e9s invasives.<\/p>\n<p>\u201c<strong>Aquesta t\u00e8cnica es pot implementar en pacients d\u2019alta complexitat, preferiblement joves i sense una artr\u00f2desi mec\u00e0nica, que pateixen un dolor que no es pot controlar i que ha fet que perdin la seva qualitat de vida. S\u00f3n pacients que no es poden operar i que ja han provat altres tractaments i ter\u00e0pies<\/strong>\u201d, explica el Dr. Juan V\u00e1zquez, cap de secci\u00f3 cl\u00ednica del dolor cr\u00f2nic i agut.<\/p>\n<p>\u201c<strong>La introducci\u00f3 de l\u2019epidurosc\u00f2pia com a nou tractament ofert per la Unitat de Dolor ens situa com a centre assistencial d\u2019excel\u00b7l\u00e8ncia i com una de les unitats m\u00e9s pioneres dels centres assistencials a Catalunya i a l\u2019Estat<\/strong>\u201d, assegura el director del servei d\u2019Anestesiologia, Reanimaci\u00f3 i Tractament del Dolor, el Dr. Fernando Mart\u00ednez.<\/p>\n<p>Aquesta t\u00e8cnica pionera a Catalunya, que s\u2019est\u00e0 implementant a la Unitat del Dolor i ser\u00e0 part central de les pr\u00f2ximes Jornades del Vall\u00e8s organitzades pel Parc Taul\u00ed.<\/p>\n<\/div><\/div><\/div><div class=\"eut-bg-wrapper\"><\/div><\/div><div data-section-type=\"fullwidth-background\" data-image-type=\"none\" data-full-height=\"no\" class=\"eut-section\"><div class=\"eut-row eut-bookmark\"><div class=\"wpb_column eut-column eut-column-1\"><div class=\"eut-element eut-image eut-align-center\" style=\"\"><img width=\"1200\" height=\"1600\" src=\"https:\/\/www.tauli.cat\/actualitat\/wp-content\/uploads\/2025\/03\/Intervencio.jpeg\" class=\"attachment-full size-full\" alt=\"Epidurosc\u00f2pia\" decoding=\"async\" loading=\"lazy\" srcset=\"https:\/\/www.tauli.cat\/actualitat\/wp-content\/uploads\/2025\/03\/Intervencio.jpeg 1200w, https:\/\/www.tauli.cat\/actualitat\/wp-content\/uploads\/2025\/03\/Intervencio-225x300.jpeg 225w, https:\/\/www.tauli.cat\/actualitat\/wp-content\/uploads\/2025\/03\/Intervencio-900x1200.jpeg 900w, https:\/\/www.tauli.cat\/actualitat\/wp-content\/uploads\/2025\/03\/Intervencio-768x1024.jpeg 768w, https:\/\/www.tauli.cat\/actualitat\/wp-content\/uploads\/2025\/03\/Intervencio-600x800.jpeg 600w, https:\/\/www.tauli.cat\/actualitat\/wp-content\/uploads\/2025\/03\/Intervencio-1152x1536.jpeg 1152w\" sizes=\"(max-width: 1200px) 100vw, 1200px\" \/><\/div><\/div><\/div><div class=\"eut-bg-wrapper\"><\/div><\/div>\n","gt_translate_keys":[{"key":"rendered","format":"html"}]},"excerpt":{"rendered":"<p>Aquesta t\u00e8cnica avan\u00e7ada i m\u00ednimament invasiva permet diagnosticar i tractar diverses patologies relacionades amb el dolor lumbar, com les adher\u00e8ncies postquir\u00fargiques<\/p>\n","protected":false,"gt_translate_keys":[{"key":"rendered","format":"html"}]},"author":8,"featured_media":46815,"comment_status":"open","ping_status":"open","sticky":false,"template":"","format":"standard","meta":[],"categories":[1],"tags":[1193],"gt_translate_keys":[{"key":"link","format":"url"}],"_links":{"self":[{"href":"https:\/\/www.tauli.cat\/actualitat\/wp-json\/wp\/v2\/posts\/46814"}],"collection":[{"href":"https:\/\/www.tauli.cat\/actualitat\/wp-json\/wp\/v2\/posts"}],"about":[{"href":"https:\/\/www.tauli.cat\/actualitat\/wp-json\/wp\/v2\/types\/post"}],"author":[{"embeddable":true,"href":"https:\/\/www.tauli.cat\/actualitat\/wp-json\/wp\/v2\/users\/8"}],"replies":[{"embeddable":true,"href":"https:\/\/www.tauli.cat\/actualitat\/wp-json\/wp\/v2\/comments?post=46814"}],"version-history":[{"count":3,"href":"https:\/\/www.tauli.cat\/actualitat\/wp-json\/wp\/v2\/posts\/46814\/revisions"}],"predecessor-version":[{"id":46819,"href":"https:\/\/www.tauli.cat\/actualitat\/wp-json\/wp\/v2\/posts\/46814\/revisions\/46819"}],"wp:featuredmedia":[{"embeddable":true,"href":"https:\/\/www.tauli.cat\/actualitat\/wp-json\/wp\/v2\/media\/46815"}],"wp:attachment":[{"href":"https:\/\/www.tauli.cat\/actualitat\/wp-json\/wp\/v2\/media?parent=46814"}],"wp:term":[{"taxonomy":"category","embeddable":true,"href":"https:\/\/www.tauli.cat\/actualitat\/wp-json\/wp\/v2\/categories?post=46814"},{"taxonomy":"post_tag","embeddable":true,"href":"https:\/\/www.tauli.cat\/actualitat\/wp-json\/wp\/v2\/tags?post=46814"}],"curies":[{"name":"wp","href":"https:\/\/api.w.org\/{rel}","templated":true}]}}