{"id":6356,"date":"2023-09-25T10:56:01","date_gmt":"2023-09-25T08:56:01","guid":{"rendered":"https:\/\/www.tauli.cat\/actualitat\/?p=6356"},"modified":"2023-09-25T10:56:01","modified_gmt":"2023-09-25T08:56:01","slug":"el-parc-tauli-te-un-equip-de-19-farmaceutics-dedicats-a-lambit-assistencial-i-a-la-recerca","status":"publish","type":"post","link":"https:\/\/www.tauli.cat\/actualitat\/noticia\/2023\/09\/el-parc-tauli-te-un-equip-de-19-farmaceutics-dedicats-a-lambit-assistencial-i-a-la-recerca\/","title":{"rendered":"El Parc Taul\u00ed t\u00e9 un equip de 19 farmac\u00e8utics dedicats a l\u2019\u00e0mbit assistencial i a la recerca","gt_translate_keys":[{"key":"rendered","format":"text"}]},"content":{"rendered":"<div data-section-type=\"fullwidth-background\" data-image-type=\"none\" data-full-height=\"no\" class=\"eut-section\"><div class=\"eut-row eut-bookmark\"><div class=\"wpb_column eut-column eut-column-1\"><div class=\"eut-element eut-text\"><p>El Servei de Farm\u00e0cia del Parc Taul\u00ed est\u00e0 format per 57 professionals, dels quals 19 s\u00f3n farmac\u00e8utics i farmac\u00e8utiques que treballen en l\u2019\u00e0mbit assistencial i en la recerca.<\/p>\n<p>Aquests professionals s\u00f3n els responsables d\u2019assegurar l\u2019adquisici\u00f3, cust\u00f2dia i dispensaci\u00f3 del f\u00e0rmac. Ja sigui a la farm\u00e0cia ambulat\u00f2ria de l\u2019hospital on dispensen medicaments per a malalts cr\u00f2nics i de diferents patologies com l\u2019hepatitis, l\u2019Esclerosi M\u00faltiple o VIH; o als pacients ingressats a l\u2019hospital.<\/p>\n<p>Per aix\u00f2, la Farm\u00e0cia del Taul\u00ed treballa integrada en els equips assistencials, cada servei cl\u00ednic compta amb un farmac\u00e8utic o farmac\u00e8utica de refer\u00e8ncia, per millorar l\u2019atenci\u00f3 del pacient tant hospitalitzat com ambulatori. Tamb\u00e9 formen part dels comit\u00e8s assistencials per aportar el seu punt de vista farmacol\u00f2gic sobre quins medicaments s\u00f3n els m\u00e9s adequats.<\/p>\n<p>Aix\u00ed mateix, s\u00f3n els i les responsables de realitzar les f\u00f3rmules magistrals i les preparacions endovenoses per a diferents tractaments com, per exemple, les quimioter\u00e0pies dels pacients oncol\u00f2gics.<\/p>\n<p>Els farmac\u00e8utics hospitalaris s\u00f3n els responsables de garantir la millor opci\u00f3 terap\u00e8utica basada en la seguretat, l\u2019efic\u00e0cia i l\u2019efici\u00e8ncia dels tractaments farmacol\u00f2gics.<\/p>\n<\/div><\/div><\/div><div class=\"eut-bg-wrapper\"><\/div><\/div><div data-section-type=\"fullwidth-background\" data-image-type=\"none\" data-full-height=\"no\" class=\"eut-section\"><div class=\"eut-row eut-bookmark\"><div class=\"wpb_column eut-column eut-column-1\"><div class=\"eut-element eut-gallery eut-isotope eut-gallery-popup eut-with-gap\" style=\"\" data-columns=\"3\" data-columns-tablet-landscape=\"2\" data-columns-tablet-portrait=\"2\" data-columns-mobile=\"1\" data-layout=\"fitRows\">  <div class=\"eut-isotope-container\"><div class=\"eut-isotope-item \"><a href=\"https:\/\/www.tauli.cat\/actualitat\/wp-content\/uploads\/2023\/09\/DM_Farmaceutics-equip-1920x1281.jpg\">    <figure class=\"eut-image-hover eut-zoom-none\">      <div class=\"eut-media eut-light-overlay eut-opacity-90\"><img width=\"600\" height=\"600\" src=\"https:\/\/www.tauli.cat\/actualitat\/wp-content\/uploads\/2023\/09\/DM_Farmaceutics-equip-600x600.jpg\" class=\"attachment-eut-image-small-square size-eut-image-small-square\" alt=\"Dia Mundial Farmac\u00e8utic_Equip\" decoding=\"async\" loading=\"lazy\" srcset=\"https:\/\/www.tauli.cat\/actualitat\/wp-content\/uploads\/2023\/09\/DM_Farmaceutics-equip-600x600.jpg 600w, https:\/\/www.tauli.cat\/actualitat\/wp-content\/uploads\/2023\/09\/DM_Farmaceutics-equip-150x150.jpg 150w, https:\/\/www.tauli.cat\/actualitat\/wp-content\/uploads\/2023\/09\/DM_Farmaceutics-equip-1120x1120.jpg 1120w, https:\/\/www.tauli.cat\/actualitat\/wp-content\/uploads\/2023\/09\/DM_Farmaceutics-equip-24x24.jpg 24w, https:\/\/www.tauli.cat\/actualitat\/wp-content\/uploads\/2023\/09\/DM_Farmaceutics-equip-48x48.jpg 48w, https:\/\/www.tauli.cat\/actualitat\/wp-content\/uploads\/2023\/09\/DM_Farmaceutics-equip-96x96.jpg 96w, https:\/\/www.tauli.cat\/actualitat\/wp-content\/uploads\/2023\/09\/DM_Farmaceutics-equip-300x300.jpg 300w\" sizes=\"(max-width: 600px) 100vw, 600px\" \/>      <\/div>      <figcaption><h5 class=\"eut-title eut-light\">DM_Farmac\u00e8utics equip<\/h5><span class=\"eut-caption eut-light\">Dia Mundial Farmac\u00e8utic_Equip<\/span>      <\/figcaption>    <\/figure><\/a><\/div><div class=\"eut-isotope-item \"><a href=\"https:\/\/www.tauli.cat\/actualitat\/wp-content\/uploads\/2023\/09\/DM_Farmaceutics-i-medicaments-1920x1280.jpg\">    <figure class=\"eut-image-hover eut-zoom-none\">      <div class=\"eut-media eut-light-overlay eut-opacity-90\"><img width=\"600\" height=\"600\" src=\"https:\/\/www.tauli.cat\/actualitat\/wp-content\/uploads\/2023\/09\/DM_Farmaceutics-i-medicaments-600x600.jpg\" class=\"attachment-eut-image-small-square size-eut-image-small-square\" alt=\"\" decoding=\"async\" loading=\"lazy\" srcset=\"https:\/\/www.tauli.cat\/actualitat\/wp-content\/uploads\/2023\/09\/DM_Farmaceutics-i-medicaments-600x600.jpg 600w, https:\/\/www.tauli.cat\/actualitat\/wp-content\/uploads\/2023\/09\/DM_Farmaceutics-i-medicaments-150x150.jpg 150w, https:\/\/www.tauli.cat\/actualitat\/wp-content\/uploads\/2023\/09\/DM_Farmaceutics-i-medicaments-1120x1120.jpg 1120w, https:\/\/www.tauli.cat\/actualitat\/wp-content\/uploads\/2023\/09\/DM_Farmaceutics-i-medicaments-24x24.jpg 24w, https:\/\/www.tauli.cat\/actualitat\/wp-content\/uploads\/2023\/09\/DM_Farmaceutics-i-medicaments-48x48.jpg 48w, https:\/\/www.tauli.cat\/actualitat\/wp-content\/uploads\/2023\/09\/DM_Farmaceutics-i-medicaments-96x96.jpg 96w, https:\/\/www.tauli.cat\/actualitat\/wp-content\/uploads\/2023\/09\/DM_Farmaceutics-i-medicaments-300x300.jpg 300w\" sizes=\"(max-width: 600px) 100vw, 600px\" \/>      <\/div>      <figcaption><h5 class=\"eut-title eut-light\">DM_Farmac\u00e8utics i medicaments<\/h5>      <\/figcaption>    <\/figure><\/a><\/div><div class=\"eut-isotope-item \"><a href=\"https:\/\/www.tauli.cat\/actualitat\/wp-content\/uploads\/2023\/09\/DM_Farmaceutics-laboratori-1920x1280.jpg\">    <figure class=\"eut-image-hover eut-zoom-none\">      <div class=\"eut-media eut-light-overlay eut-opacity-90\"><img width=\"600\" height=\"600\" src=\"https:\/\/www.tauli.cat\/actualitat\/wp-content\/uploads\/2023\/09\/DM_Farmaceutics-laboratori-600x600.jpg\" class=\"attachment-eut-image-small-square size-eut-image-small-square\" alt=\"Farmac\u00e8utica fent preparaci\u00f3 endovenosa\" decoding=\"async\" loading=\"lazy\" srcset=\"https:\/\/www.tauli.cat\/actualitat\/wp-content\/uploads\/2023\/09\/DM_Farmaceutics-laboratori-600x600.jpg 600w, https:\/\/www.tauli.cat\/actualitat\/wp-content\/uploads\/2023\/09\/DM_Farmaceutics-laboratori-150x150.jpg 150w, https:\/\/www.tauli.cat\/actualitat\/wp-content\/uploads\/2023\/09\/DM_Farmaceutics-laboratori-1120x1120.jpg 1120w, https:\/\/www.tauli.cat\/actualitat\/wp-content\/uploads\/2023\/09\/DM_Farmaceutics-laboratori-24x24.jpg 24w, https:\/\/www.tauli.cat\/actualitat\/wp-content\/uploads\/2023\/09\/DM_Farmaceutics-laboratori-48x48.jpg 48w, https:\/\/www.tauli.cat\/actualitat\/wp-content\/uploads\/2023\/09\/DM_Farmaceutics-laboratori-96x96.jpg 96w, https:\/\/www.tauli.cat\/actualitat\/wp-content\/uploads\/2023\/09\/DM_Farmaceutics-laboratori-300x300.jpg 300w\" sizes=\"(max-width: 600px) 100vw, 600px\" \/>      <\/div>      <figcaption><h5 class=\"eut-title eut-light\">DM_Farmac\u00e8utics laboratori<\/h5><span class=\"eut-caption eut-light\">Farmac\u00e8utica fent preparaci\u00f3 endovenosa<\/span>      <\/figcaption>    <\/figure><\/a><\/div><div class=\"eut-isotope-item \"><a href=\"https:\/\/www.tauli.cat\/actualitat\/wp-content\/uploads\/2023\/09\/DM_Farmaceutics_farmacia-ambulatoria.jpg\">    <figure class=\"eut-image-hover eut-zoom-none\">      <div class=\"eut-media eut-light-overlay eut-opacity-90\"><img width=\"600\" height=\"600\" src=\"https:\/\/www.tauli.cat\/actualitat\/wp-content\/uploads\/2023\/09\/DM_Farmaceutics_farmacia-ambulatoria-600x600.jpg\" class=\"attachment-eut-image-small-square size-eut-image-small-square\" alt=\"\" decoding=\"async\" loading=\"lazy\" srcset=\"https:\/\/www.tauli.cat\/actualitat\/wp-content\/uploads\/2023\/09\/DM_Farmaceutics_farmacia-ambulatoria-600x600.jpg 600w, https:\/\/www.tauli.cat\/actualitat\/wp-content\/uploads\/2023\/09\/DM_Farmaceutics_farmacia-ambulatoria-150x150.jpg 150w, https:\/\/www.tauli.cat\/actualitat\/wp-content\/uploads\/2023\/09\/DM_Farmaceutics_farmacia-ambulatoria-24x24.jpg 24w, https:\/\/www.tauli.cat\/actualitat\/wp-content\/uploads\/2023\/09\/DM_Farmaceutics_farmacia-ambulatoria-48x48.jpg 48w, https:\/\/www.tauli.cat\/actualitat\/wp-content\/uploads\/2023\/09\/DM_Farmaceutics_farmacia-ambulatoria-96x96.jpg 96w, https:\/\/www.tauli.cat\/actualitat\/wp-content\/uploads\/2023\/09\/DM_Farmaceutics_farmacia-ambulatoria-300x300.jpg 300w\" sizes=\"(max-width: 600px) 100vw, 600px\" \/>      <\/div>      <figcaption><h5 class=\"eut-title eut-light\">DM_Farmac\u00e8utics_farm\u00e0cia ambulat\u00f2ria<\/h5>      <\/figcaption>    <\/figure><\/a><\/div>  <\/div><\/div><\/div><\/div><div class=\"eut-bg-wrapper\"><\/div><\/div>\n","gt_translate_keys":[{"key":"rendered","format":"html"}]},"excerpt":{"rendered":"<p>En el Dia Mundial del Farmac\u00e8utic destaquem la feina d\u2019aquest col\u00b7lectiu de professionals responsables de garantir la millor opci\u00f3 terap\u00e8utica per als pacients<\/p>\n","protected":false,"gt_translate_keys":[{"key":"rendered","format":"html"}]},"author":8,"featured_media":6360,"comment_status":"open","ping_status":"open","sticky":false,"template":"","format":"standard","meta":[],"categories":[1],"tags":[1025,428],"gt_translate_keys":[{"key":"link","format":"url"}],"_links":{"self":[{"href":"https:\/\/www.tauli.cat\/actualitat\/wp-json\/wp\/v2\/posts\/6356"}],"collection":[{"href":"https:\/\/www.tauli.cat\/actualitat\/wp-json\/wp\/v2\/posts"}],"about":[{"href":"https:\/\/www.tauli.cat\/actualitat\/wp-json\/wp\/v2\/types\/post"}],"author":[{"embeddable":true,"href":"https:\/\/www.tauli.cat\/actualitat\/wp-json\/wp\/v2\/users\/8"}],"replies":[{"embeddable":true,"href":"https:\/\/www.tauli.cat\/actualitat\/wp-json\/wp\/v2\/comments?post=6356"}],"version-history":[{"count":2,"href":"https:\/\/www.tauli.cat\/actualitat\/wp-json\/wp\/v2\/posts\/6356\/revisions"}],"predecessor-version":[{"id":6362,"href":"https:\/\/www.tauli.cat\/actualitat\/wp-json\/wp\/v2\/posts\/6356\/revisions\/6362"}],"wp:featuredmedia":[{"embeddable":true,"href":"https:\/\/www.tauli.cat\/actualitat\/wp-json\/wp\/v2\/media\/6360"}],"wp:attachment":[{"href":"https:\/\/www.tauli.cat\/actualitat\/wp-json\/wp\/v2\/media?parent=6356"}],"wp:term":[{"taxonomy":"category","embeddable":true,"href":"https:\/\/www.tauli.cat\/actualitat\/wp-json\/wp\/v2\/categories?post=6356"},{"taxonomy":"post_tag","embeddable":true,"href":"https:\/\/www.tauli.cat\/actualitat\/wp-json\/wp\/v2\/tags?post=6356"}],"curies":[{"name":"wp","href":"https:\/\/api.w.org\/{rel}","templated":true}]}}