{"id":83875,"date":"2026-04-28T14:11:42","date_gmt":"2026-04-28T12:11:42","guid":{"rendered":"https:\/\/www.tauli.cat\/actualitat\/?p=83875"},"modified":"2026-04-28T14:11:48","modified_gmt":"2026-04-28T12:11:48","slug":"acollim-la-segona-jornada-de-la-seguretat-i-la-salut-en-el-treball","status":"publish","type":"post","link":"https:\/\/www.tauli.cat\/actualitat\/noticia\/2026\/04\/acollim-la-segona-jornada-de-la-seguretat-i-la-salut-en-el-treball\/","title":{"rendered":"Acollim la segona jornada de la seguretat i la salut en el treball","gt_translate_keys":[{"key":"rendered","format":"text"}]},"content":{"rendered":"<div data-section-type=\"fullwidth-background\" data-image-type=\"none\" data-full-height=\"no\" class=\"eut-section\"><div class=\"eut-row eut-bookmark\"><div class=\"wpb_column eut-column eut-column-1\"><div class=\"eut-element eut-text\"><p>El Consorci Corporaci\u00f3 Sanit\u00e0ria Parc Taul\u00ed (CCSPT) ha celebrat el Dia Internacional de la Seguretat i la Salut en el Treball amb la segona edici\u00f3 de la jornada emmarcada en aquesta data. De fet, es tracta d\u2019una sessi\u00f3 que forma part de la Setmana Saludable, una iniciativa del Parc Taul\u00ed que t\u00e9 per objectiu consolidar les bones pr\u00e0ctiques i actituds envers la feina.<\/p>\n<p>La directora general del Parc Taul\u00ed, la Dra. Gemma Craywinckel, ha inaugurat la jornada recordant que \u201c<strong>els professionals tenim la cara i la creu de la moneda. Fem un b\u00e9 als pacients, ciutadans; per\u00f2, aquests llocs de feina que tenim s\u00f3n molt exigents. Per aix\u00f2 \u00e9s molt important fer d\u2019aquests llocs de feina un entorn saludable<\/strong>\u201d. Aix\u00ed mateix, la Sandra Tobias, directora de l\u2019\u00c0rea de Persones de la Corporaci\u00f3, ha participat en l\u2019acte inaugural i ha destacat que el dia internacional de la Seguretat i Salut en el Treball \u201c<strong>ha de ser cada dia. La import\u00e0ncia de la prevenci\u00f3 ha de ser present tot l\u2019any<\/strong>\u201d.<\/p>\n<p>Seguidament, ha tingut lloc la confer\u00e8ncia \u201cMesures preventives del Risc Psicosocial\u201d, de la m\u00e0 d\u2019Ismael Rodr\u00edguez, director d\u2019administraci\u00f3 i relacions laborals del CCSPT, i Jos\u00e9 Francisco Mart\u00ednez-Losa de l\u2019empresa Audit&amp;control Estr\u00e9s. A continuaci\u00f3, l\u2019Antoni Calvo, director de la Fundaci\u00f3 Galatea, ha brindat una pon\u00e8ncia centrada en la import\u00e0ncia de la salut emocional en els entorns laborals.<\/p>\n<p>Durant la jornada, la M\u00edriam Casanovas i el Xavier Casas, fisioterapeutes de la corporaci\u00f3, han presentat diverses estrat\u00e8gies de pauses actives guiades per garantir el benestar postural en el lloc de treball.<\/p>\n<p>La jornada ha seguit una taula rodona d\u2019experts en promoci\u00f3 de la salut. Moderada per la Dra. Gemma Navarro, representant del grup de treball Parc Taul\u00ed Saludable i membre de la junta directiva de la Xarxa d\u2019Hospitals Promotors de la Salut (XHPS), les especialistes Mireia Vicente, presidenta de la XHPS, la Dra. Marta Linares, neuropsicologia de l\u2019Hospital d\u2019Olot, i el Jes\u00fas Escribano, infermer referent de la XHPS i de l\u2019Hospital del Mar, han presentat diferents estrat\u00e8gies de promoci\u00f3 de la salut en el lloc de treball per afavorir el benestar i la sostenibilitat dels equips professionals.<\/p>\n<p>Per acabar, la Mati Ortiz, waterpolista del Club de Nataci\u00f3 de Sabadell i de la Selecci\u00f3 Espanyola, ha ofert una confer\u00e8ncia motivacional en qu\u00e8 ha presentat eines per fer front a les exig\u00e8ncies en el lloc de treball.<\/p>\n<p>La Jornada d\u2019avui s\u2019emmarca en la 2a edici\u00f3 de la Setmana Saludable al Par Taul\u00ed, que se celebra del 24 al 30 d\u2019abril. Durant aquesta setmana s\u2019ofereixen activitats presencials per a tot l\u2019equip de professionals del Consorci Corporaci\u00f3 Sanit\u00e0ria Parc Taul\u00ed, centrades en la cura i la salut de la persona. Concretament, les activitats se centren en els eixos de l&#8217;alimentaci\u00f3, l&#8217;exercici f\u00edsic, la seguretat i salut en el treball, el benestar emocional i la consci\u00e8ncia de l&#8217;entorn natural.<\/p>\n<p>Aquest any, m\u00e9s de 550 persones, l\u2019any passat van ser 400, s\u2019han inscrit a les activitats proposades pel grup Parc Taul\u00ed Saludable i el Servei de Prevenci\u00f3 de l\u2019\u00c0rea de Persones de la instituci\u00f3.<\/p>\n<\/div><\/div><\/div><div class=\"eut-bg-wrapper\"><\/div><\/div><div data-section-type=\"fullwidth-background\" data-image-type=\"none\" data-full-height=\"no\" class=\"eut-section\"><div class=\"eut-row eut-bookmark\"><div class=\"wpb_column eut-column eut-column-1\"><div class=\"eut-element eut-gallery eut-isotope eut-gallery-popup eut-with-gap\" style=\"\" data-columns=\"3\" data-columns-tablet-landscape=\"2\" data-columns-tablet-portrait=\"2\" data-columns-mobile=\"1\" data-layout=\"fitRows\">  <div class=\"eut-isotope-container\"><div class=\"eut-isotope-item \"><a href=\"https:\/\/www.tauli.cat\/actualitat\/wp-content\/uploads\/2026\/04\/Jornada_5.jpg\">    <figure class=\"eut-image-hover eut-zoom-in\">      <div class=\"eut-media eut-light-overlay eut-opacity-0\"><img width=\"600\" height=\"600\" src=\"https:\/\/www.tauli.cat\/actualitat\/wp-content\/uploads\/2026\/04\/Jornada_5-600x600.jpg\" class=\"attachment-eut-image-small-square size-eut-image-small-square\" alt=\"\" decoding=\"async\" loading=\"lazy\" srcset=\"https:\/\/www.tauli.cat\/actualitat\/wp-content\/uploads\/2026\/04\/Jornada_5-600x600.jpg 600w, https:\/\/www.tauli.cat\/actualitat\/wp-content\/uploads\/2026\/04\/Jornada_5-150x150.jpg 150w, https:\/\/www.tauli.cat\/actualitat\/wp-content\/uploads\/2026\/04\/Jornada_5-1120x1120.jpg 1120w, https:\/\/www.tauli.cat\/actualitat\/wp-content\/uploads\/2026\/04\/Jornada_5-24x24.jpg 24w, https:\/\/www.tauli.cat\/actualitat\/wp-content\/uploads\/2026\/04\/Jornada_5-48x48.jpg 48w, https:\/\/www.tauli.cat\/actualitat\/wp-content\/uploads\/2026\/04\/Jornada_5-96x96.jpg 96w, https:\/\/www.tauli.cat\/actualitat\/wp-content\/uploads\/2026\/04\/Jornada_5-300x300.jpg 300w\" sizes=\"(max-width: 600px) 100vw, 600px\" \/>      <\/div>      <figcaption>      <\/figcaption>    <\/figure><\/a><\/div><div class=\"eut-isotope-item \"><a href=\"https:\/\/www.tauli.cat\/actualitat\/wp-content\/uploads\/2026\/04\/Jornada_1.jpg\">    <figure class=\"eut-image-hover eut-zoom-in\">      <div class=\"eut-media eut-light-overlay eut-opacity-0\"><img width=\"600\" height=\"600\" src=\"https:\/\/www.tauli.cat\/actualitat\/wp-content\/uploads\/2026\/04\/Jornada_1-600x600.jpg\" class=\"attachment-eut-image-small-square size-eut-image-small-square\" alt=\"\" decoding=\"async\" loading=\"lazy\" srcset=\"https:\/\/www.tauli.cat\/actualitat\/wp-content\/uploads\/2026\/04\/Jornada_1-600x600.jpg 600w, https:\/\/www.tauli.cat\/actualitat\/wp-content\/uploads\/2026\/04\/Jornada_1-150x150.jpg 150w, https:\/\/www.tauli.cat\/actualitat\/wp-content\/uploads\/2026\/04\/Jornada_1-1120x1120.jpg 1120w, https:\/\/www.tauli.cat\/actualitat\/wp-content\/uploads\/2026\/04\/Jornada_1-24x24.jpg 24w, https:\/\/www.tauli.cat\/actualitat\/wp-content\/uploads\/2026\/04\/Jornada_1-48x48.jpg 48w, https:\/\/www.tauli.cat\/actualitat\/wp-content\/uploads\/2026\/04\/Jornada_1-96x96.jpg 96w, https:\/\/www.tauli.cat\/actualitat\/wp-content\/uploads\/2026\/04\/Jornada_1-300x300.jpg 300w\" sizes=\"(max-width: 600px) 100vw, 600px\" \/>      <\/div>      <figcaption>      <\/figcaption>    <\/figure><\/a><\/div><div class=\"eut-isotope-item \"><a href=\"https:\/\/www.tauli.cat\/actualitat\/wp-content\/uploads\/2026\/04\/Jornada_3.jpg\">    <figure class=\"eut-image-hover eut-zoom-in\">      <div class=\"eut-media eut-light-overlay eut-opacity-0\"><img width=\"600\" height=\"600\" src=\"https:\/\/www.tauli.cat\/actualitat\/wp-content\/uploads\/2026\/04\/Jornada_3-600x600.jpg\" class=\"attachment-eut-image-small-square size-eut-image-small-square\" alt=\"\" decoding=\"async\" loading=\"lazy\" srcset=\"https:\/\/www.tauli.cat\/actualitat\/wp-content\/uploads\/2026\/04\/Jornada_3-600x600.jpg 600w, https:\/\/www.tauli.cat\/actualitat\/wp-content\/uploads\/2026\/04\/Jornada_3-150x150.jpg 150w, https:\/\/www.tauli.cat\/actualitat\/wp-content\/uploads\/2026\/04\/Jornada_3-1120x1120.jpg 1120w, https:\/\/www.tauli.cat\/actualitat\/wp-content\/uploads\/2026\/04\/Jornada_3-24x24.jpg 24w, https:\/\/www.tauli.cat\/actualitat\/wp-content\/uploads\/2026\/04\/Jornada_3-48x48.jpg 48w, https:\/\/www.tauli.cat\/actualitat\/wp-content\/uploads\/2026\/04\/Jornada_3-96x96.jpg 96w, https:\/\/www.tauli.cat\/actualitat\/wp-content\/uploads\/2026\/04\/Jornada_3-300x300.jpg 300w\" sizes=\"(max-width: 600px) 100vw, 600px\" \/>      <\/div>      <figcaption>      <\/figcaption>    <\/figure><\/a><\/div><div class=\"eut-isotope-item \"><a href=\"https:\/\/www.tauli.cat\/actualitat\/wp-content\/uploads\/2026\/04\/Jornada_6.jpg\">    <figure class=\"eut-image-hover eut-zoom-in\">      <div class=\"eut-media eut-light-overlay eut-opacity-0\"><img width=\"600\" height=\"600\" src=\"https:\/\/www.tauli.cat\/actualitat\/wp-content\/uploads\/2026\/04\/Jornada_6-600x600.jpg\" class=\"attachment-eut-image-small-square size-eut-image-small-square\" alt=\"\" decoding=\"async\" loading=\"lazy\" srcset=\"https:\/\/www.tauli.cat\/actualitat\/wp-content\/uploads\/2026\/04\/Jornada_6-600x600.jpg 600w, https:\/\/www.tauli.cat\/actualitat\/wp-content\/uploads\/2026\/04\/Jornada_6-150x150.jpg 150w, https:\/\/www.tauli.cat\/actualitat\/wp-content\/uploads\/2026\/04\/Jornada_6-1120x1120.jpg 1120w, https:\/\/www.tauli.cat\/actualitat\/wp-content\/uploads\/2026\/04\/Jornada_6-24x24.jpg 24w, https:\/\/www.tauli.cat\/actualitat\/wp-content\/uploads\/2026\/04\/Jornada_6-48x48.jpg 48w, https:\/\/www.tauli.cat\/actualitat\/wp-content\/uploads\/2026\/04\/Jornada_6-96x96.jpg 96w, https:\/\/www.tauli.cat\/actualitat\/wp-content\/uploads\/2026\/04\/Jornada_6-300x300.jpg 300w\" sizes=\"(max-width: 600px) 100vw, 600px\" \/>      <\/div>      <figcaption>      <\/figcaption>    <\/figure><\/a><\/div><div class=\"eut-isotope-item \"><a href=\"https:\/\/www.tauli.cat\/actualitat\/wp-content\/uploads\/2026\/04\/Jornada_7.jpg\">    <figure class=\"eut-image-hover eut-zoom-in\">      <div class=\"eut-media eut-light-overlay eut-opacity-0\"><img width=\"600\" height=\"600\" src=\"https:\/\/www.tauli.cat\/actualitat\/wp-content\/uploads\/2026\/04\/Jornada_7-600x600.jpg\" class=\"attachment-eut-image-small-square size-eut-image-small-square\" alt=\"\" decoding=\"async\" loading=\"lazy\" srcset=\"https:\/\/www.tauli.cat\/actualitat\/wp-content\/uploads\/2026\/04\/Jornada_7-600x600.jpg 600w, https:\/\/www.tauli.cat\/actualitat\/wp-content\/uploads\/2026\/04\/Jornada_7-150x150.jpg 150w, https:\/\/www.tauli.cat\/actualitat\/wp-content\/uploads\/2026\/04\/Jornada_7-1120x1120.jpg 1120w, https:\/\/www.tauli.cat\/actualitat\/wp-content\/uploads\/2026\/04\/Jornada_7-24x24.jpg 24w, https:\/\/www.tauli.cat\/actualitat\/wp-content\/uploads\/2026\/04\/Jornada_7-48x48.jpg 48w, https:\/\/www.tauli.cat\/actualitat\/wp-content\/uploads\/2026\/04\/Jornada_7-96x96.jpg 96w, https:\/\/www.tauli.cat\/actualitat\/wp-content\/uploads\/2026\/04\/Jornada_7-300x300.jpg 300w\" sizes=\"(max-width: 600px) 100vw, 600px\" \/>      <\/div>      <figcaption>      <\/figcaption>    <\/figure><\/a><\/div><div class=\"eut-isotope-item \"><a href=\"https:\/\/www.tauli.cat\/actualitat\/wp-content\/uploads\/2026\/04\/Jornada_8.jpg\">    <figure class=\"eut-image-hover eut-zoom-in\">      <div class=\"eut-media eut-light-overlay eut-opacity-0\"><img width=\"600\" height=\"600\" src=\"https:\/\/www.tauli.cat\/actualitat\/wp-content\/uploads\/2026\/04\/Jornada_8-600x600.jpg\" class=\"attachment-eut-image-small-square size-eut-image-small-square\" alt=\"\" decoding=\"async\" loading=\"lazy\" srcset=\"https:\/\/www.tauli.cat\/actualitat\/wp-content\/uploads\/2026\/04\/Jornada_8-600x600.jpg 600w, https:\/\/www.tauli.cat\/actualitat\/wp-content\/uploads\/2026\/04\/Jornada_8-150x150.jpg 150w, https:\/\/www.tauli.cat\/actualitat\/wp-content\/uploads\/2026\/04\/Jornada_8-1120x1120.jpg 1120w, https:\/\/www.tauli.cat\/actualitat\/wp-content\/uploads\/2026\/04\/Jornada_8-24x24.jpg 24w, https:\/\/www.tauli.cat\/actualitat\/wp-content\/uploads\/2026\/04\/Jornada_8-48x48.jpg 48w, https:\/\/www.tauli.cat\/actualitat\/wp-content\/uploads\/2026\/04\/Jornada_8-96x96.jpg 96w, https:\/\/www.tauli.cat\/actualitat\/wp-content\/uploads\/2026\/04\/Jornada_8-300x300.jpg 300w\" sizes=\"(max-width: 600px) 100vw, 600px\" \/>      <\/div>      <figcaption>      <\/figcaption>    <\/figure><\/a><\/div><div class=\"eut-isotope-item \"><a href=\"https:\/\/www.tauli.cat\/actualitat\/wp-content\/uploads\/2026\/04\/Jornada_9.jpg\">    <figure class=\"eut-image-hover eut-zoom-in\">      <div class=\"eut-media eut-light-overlay eut-opacity-0\"><img width=\"600\" height=\"600\" src=\"https:\/\/www.tauli.cat\/actualitat\/wp-content\/uploads\/2026\/04\/Jornada_9-600x600.jpg\" class=\"attachment-eut-image-small-square size-eut-image-small-square\" alt=\"\" decoding=\"async\" loading=\"lazy\" srcset=\"https:\/\/www.tauli.cat\/actualitat\/wp-content\/uploads\/2026\/04\/Jornada_9-600x600.jpg 600w, https:\/\/www.tauli.cat\/actualitat\/wp-content\/uploads\/2026\/04\/Jornada_9-150x150.jpg 150w, https:\/\/www.tauli.cat\/actualitat\/wp-content\/uploads\/2026\/04\/Jornada_9-1120x1120.jpg 1120w, https:\/\/www.tauli.cat\/actualitat\/wp-content\/uploads\/2026\/04\/Jornada_9-24x24.jpg 24w, https:\/\/www.tauli.cat\/actualitat\/wp-content\/uploads\/2026\/04\/Jornada_9-48x48.jpg 48w, https:\/\/www.tauli.cat\/actualitat\/wp-content\/uploads\/2026\/04\/Jornada_9-96x96.jpg 96w, https:\/\/www.tauli.cat\/actualitat\/wp-content\/uploads\/2026\/04\/Jornada_9-300x300.jpg 300w\" sizes=\"(max-width: 600px) 100vw, 600px\" \/>      <\/div>      <figcaption>      <\/figcaption>    <\/figure><\/a><\/div><div class=\"eut-isotope-item \"><a href=\"https:\/\/www.tauli.cat\/actualitat\/wp-content\/uploads\/2026\/04\/Jornada_10.jpg\">    <figure class=\"eut-image-hover eut-zoom-in\">      <div class=\"eut-media eut-light-overlay eut-opacity-0\"><img width=\"600\" height=\"600\" src=\"https:\/\/www.tauli.cat\/actualitat\/wp-content\/uploads\/2026\/04\/Jornada_10-600x600.jpg\" class=\"attachment-eut-image-small-square size-eut-image-small-square\" alt=\"\" decoding=\"async\" loading=\"lazy\" srcset=\"https:\/\/www.tauli.cat\/actualitat\/wp-content\/uploads\/2026\/04\/Jornada_10-600x600.jpg 600w, https:\/\/www.tauli.cat\/actualitat\/wp-content\/uploads\/2026\/04\/Jornada_10-150x150.jpg 150w, https:\/\/www.tauli.cat\/actualitat\/wp-content\/uploads\/2026\/04\/Jornada_10-1120x1120.jpg 1120w, https:\/\/www.tauli.cat\/actualitat\/wp-content\/uploads\/2026\/04\/Jornada_10-24x24.jpg 24w, https:\/\/www.tauli.cat\/actualitat\/wp-content\/uploads\/2026\/04\/Jornada_10-48x48.jpg 48w, https:\/\/www.tauli.cat\/actualitat\/wp-content\/uploads\/2026\/04\/Jornada_10-96x96.jpg 96w, https:\/\/www.tauli.cat\/actualitat\/wp-content\/uploads\/2026\/04\/Jornada_10-300x300.jpg 300w\" sizes=\"(max-width: 600px) 100vw, 600px\" \/>      <\/div>      <figcaption>      <\/figcaption>    <\/figure><\/a><\/div><div class=\"eut-isotope-item \"><a href=\"https:\/\/www.tauli.cat\/actualitat\/wp-content\/uploads\/2026\/04\/Jornada_11.jpg\">    <figure class=\"eut-image-hover eut-zoom-in\">      <div class=\"eut-media eut-light-overlay eut-opacity-0\"><img width=\"600\" height=\"600\" src=\"https:\/\/www.tauli.cat\/actualitat\/wp-content\/uploads\/2026\/04\/Jornada_11-600x600.jpg\" class=\"attachment-eut-image-small-square size-eut-image-small-square\" alt=\"\" decoding=\"async\" loading=\"lazy\" srcset=\"https:\/\/www.tauli.cat\/actualitat\/wp-content\/uploads\/2026\/04\/Jornada_11-600x600.jpg 600w, https:\/\/www.tauli.cat\/actualitat\/wp-content\/uploads\/2026\/04\/Jornada_11-150x150.jpg 150w, https:\/\/www.tauli.cat\/actualitat\/wp-content\/uploads\/2026\/04\/Jornada_11-1120x1120.jpg 1120w, https:\/\/www.tauli.cat\/actualitat\/wp-content\/uploads\/2026\/04\/Jornada_11-24x24.jpg 24w, https:\/\/www.tauli.cat\/actualitat\/wp-content\/uploads\/2026\/04\/Jornada_11-48x48.jpg 48w, https:\/\/www.tauli.cat\/actualitat\/wp-content\/uploads\/2026\/04\/Jornada_11-96x96.jpg 96w, https:\/\/www.tauli.cat\/actualitat\/wp-content\/uploads\/2026\/04\/Jornada_11-300x300.jpg 300w\" sizes=\"(max-width: 600px) 100vw, 600px\" \/>      <\/div>      <figcaption>      <\/figcaption>    <\/figure><\/a><\/div><div class=\"eut-isotope-item \"><a href=\"https:\/\/www.tauli.cat\/actualitat\/wp-content\/uploads\/2026\/04\/Jornada_13.jpg\">    <figure class=\"eut-image-hover eut-zoom-in\">      <div class=\"eut-media eut-light-overlay eut-opacity-0\"><img width=\"600\" height=\"600\" src=\"https:\/\/www.tauli.cat\/actualitat\/wp-content\/uploads\/2026\/04\/Jornada_13-600x600.jpg\" class=\"attachment-eut-image-small-square size-eut-image-small-square\" alt=\"\" decoding=\"async\" loading=\"lazy\" srcset=\"https:\/\/www.tauli.cat\/actualitat\/wp-content\/uploads\/2026\/04\/Jornada_13-600x600.jpg 600w, https:\/\/www.tauli.cat\/actualitat\/wp-content\/uploads\/2026\/04\/Jornada_13-150x150.jpg 150w, https:\/\/www.tauli.cat\/actualitat\/wp-content\/uploads\/2026\/04\/Jornada_13-1120x1120.jpg 1120w, https:\/\/www.tauli.cat\/actualitat\/wp-content\/uploads\/2026\/04\/Jornada_13-24x24.jpg 24w, https:\/\/www.tauli.cat\/actualitat\/wp-content\/uploads\/2026\/04\/Jornada_13-48x48.jpg 48w, https:\/\/www.tauli.cat\/actualitat\/wp-content\/uploads\/2026\/04\/Jornada_13-96x96.jpg 96w, https:\/\/www.tauli.cat\/actualitat\/wp-content\/uploads\/2026\/04\/Jornada_13-300x300.jpg 300w\" sizes=\"(max-width: 600px) 100vw, 600px\" \/>      <\/div>      <figcaption>      <\/figcaption>    <\/figure><\/a><\/div><div class=\"eut-isotope-item \"><a href=\"https:\/\/www.tauli.cat\/actualitat\/wp-content\/uploads\/2026\/04\/Jornada_14.jpg\">    <figure class=\"eut-image-hover eut-zoom-in\">      <div class=\"eut-media eut-light-overlay eut-opacity-0\"><img width=\"600\" height=\"600\" src=\"https:\/\/www.tauli.cat\/actualitat\/wp-content\/uploads\/2026\/04\/Jornada_14-600x600.jpg\" class=\"attachment-eut-image-small-square size-eut-image-small-square\" alt=\"\" decoding=\"async\" loading=\"lazy\" srcset=\"https:\/\/www.tauli.cat\/actualitat\/wp-content\/uploads\/2026\/04\/Jornada_14-600x600.jpg 600w, https:\/\/www.tauli.cat\/actualitat\/wp-content\/uploads\/2026\/04\/Jornada_14-150x150.jpg 150w, https:\/\/www.tauli.cat\/actualitat\/wp-content\/uploads\/2026\/04\/Jornada_14-1120x1120.jpg 1120w, https:\/\/www.tauli.cat\/actualitat\/wp-content\/uploads\/2026\/04\/Jornada_14-24x24.jpg 24w, https:\/\/www.tauli.cat\/actualitat\/wp-content\/uploads\/2026\/04\/Jornada_14-48x48.jpg 48w, https:\/\/www.tauli.cat\/actualitat\/wp-content\/uploads\/2026\/04\/Jornada_14-96x96.jpg 96w, https:\/\/www.tauli.cat\/actualitat\/wp-content\/uploads\/2026\/04\/Jornada_14-300x300.jpg 300w\" sizes=\"(max-width: 600px) 100vw, 600px\" \/>      <\/div>      <figcaption>      <\/figcaption>    <\/figure><\/a><\/div><div class=\"eut-isotope-item \"><a href=\"https:\/\/www.tauli.cat\/actualitat\/wp-content\/uploads\/2026\/04\/Jornada_16.jpg\">    <figure class=\"eut-image-hover eut-zoom-in\">      <div class=\"eut-media eut-light-overlay eut-opacity-0\"><img width=\"600\" height=\"600\" src=\"https:\/\/www.tauli.cat\/actualitat\/wp-content\/uploads\/2026\/04\/Jornada_16-600x600.jpg\" class=\"attachment-eut-image-small-square size-eut-image-small-square\" alt=\"\" decoding=\"async\" loading=\"lazy\" srcset=\"https:\/\/www.tauli.cat\/actualitat\/wp-content\/uploads\/2026\/04\/Jornada_16-600x600.jpg 600w, https:\/\/www.tauli.cat\/actualitat\/wp-content\/uploads\/2026\/04\/Jornada_16-150x150.jpg 150w, https:\/\/www.tauli.cat\/actualitat\/wp-content\/uploads\/2026\/04\/Jornada_16-1120x1120.jpg 1120w, https:\/\/www.tauli.cat\/actualitat\/wp-content\/uploads\/2026\/04\/Jornada_16-24x24.jpg 24w, https:\/\/www.tauli.cat\/actualitat\/wp-content\/uploads\/2026\/04\/Jornada_16-48x48.jpg 48w, https:\/\/www.tauli.cat\/actualitat\/wp-content\/uploads\/2026\/04\/Jornada_16-96x96.jpg 96w, https:\/\/www.tauli.cat\/actualitat\/wp-content\/uploads\/2026\/04\/Jornada_16-300x300.jpg 300w\" sizes=\"(max-width: 600px) 100vw, 600px\" \/>      <\/div>      <figcaption>      <\/figcaption>    <\/figure><\/a><\/div>  <\/div><\/div><\/div><\/div><div class=\"eut-bg-wrapper\"><\/div><\/div>\n","gt_translate_keys":[{"key":"rendered","format":"html"}]},"excerpt":{"rendered":"<p>En el marc de la Setmana Saludable al Parc Taul\u00ed, s\u2019ha celebrat aquesta jornada per commemorar el Dia Internacional de la Seguretat i Salut en el Treball<\/p>\n","protected":false,"gt_translate_keys":[{"key":"rendered","format":"html"}]},"author":12,"featured_media":83876,"comment_status":"closed","ping_status":"closed","sticky":false,"template":"","format":"standard","meta":[],"categories":[1],"tags":[1189,1278,1204],"gt_translate_keys":[{"key":"link","format":"url"}],"_links":{"self":[{"href":"https:\/\/www.tauli.cat\/actualitat\/wp-json\/wp\/v2\/posts\/83875"}],"collection":[{"href":"https:\/\/www.tauli.cat\/actualitat\/wp-json\/wp\/v2\/posts"}],"about":[{"href":"https:\/\/www.tauli.cat\/actualitat\/wp-json\/wp\/v2\/types\/post"}],"author":[{"embeddable":true,"href":"https:\/\/www.tauli.cat\/actualitat\/wp-json\/wp\/v2\/users\/12"}],"replies":[{"embeddable":true,"href":"https:\/\/www.tauli.cat\/actualitat\/wp-json\/wp\/v2\/comments?post=83875"}],"version-history":[{"count":1,"href":"https:\/\/www.tauli.cat\/actualitat\/wp-json\/wp\/v2\/posts\/83875\/revisions"}],"predecessor-version":[{"id":83889,"href":"https:\/\/www.tauli.cat\/actualitat\/wp-json\/wp\/v2\/posts\/83875\/revisions\/83889"}],"wp:featuredmedia":[{"embeddable":true,"href":"https:\/\/www.tauli.cat\/actualitat\/wp-json\/wp\/v2\/media\/83876"}],"wp:attachment":[{"href":"https:\/\/www.tauli.cat\/actualitat\/wp-json\/wp\/v2\/media?parent=83875"}],"wp:term":[{"taxonomy":"category","embeddable":true,"href":"https:\/\/www.tauli.cat\/actualitat\/wp-json\/wp\/v2\/categories?post=83875"},{"taxonomy":"post_tag","embeddable":true,"href":"https:\/\/www.tauli.cat\/actualitat\/wp-json\/wp\/v2\/tags?post=83875"}],"curies":[{"name":"wp","href":"https:\/\/api.w.org\/{rel}","templated":true}]}}