{"id":18061,"date":"2025-02-24T11:37:49","date_gmt":"2025-02-24T10:37:49","guid":{"rendered":"https:\/\/www.tauli.cat\/institut\/?p=18061"},"modified":"2025-02-24T12:30:14","modified_gmt":"2025-02-24T11:30:14","slug":"projectes-de-recerca-de-li3pt-reben-26-me-en-convocatories-competitives-publiques","status":"publish","type":"post","link":"https:\/\/www.tauli.cat\/institut\/actualitat\/noticies\/2025\/02\/projectes-de-recerca-de-li3pt-reben-26-me-en-convocatories-competitives-publiques\/","title":{"rendered":"Setze projectes de recerca de l\u2019I3PT reben 2,6 M\u20ac en convocat\u00f2ries competitives p\u00fabliques","gt_translate_keys":[{"key":"rendered","format":"text"}]},"content":{"rendered":"<div class=\"wpb-content-wrapper\">[vc_row][vc_column][vc_column_text css=&#8221;&#8221;]L\u2019Institut d\u2019Investigaci\u00f3 i Innovaci\u00f3 Parc Taul\u00ed (I3PT) ha obtingut un total de <strong>2.604.000 euros<\/strong> en finan\u00e7ament competitiu per desenvolupar <strong>setze projectes de recerca i innovaci\u00f3 en salut<\/strong>. Aquesta dotaci\u00f3 prov\u00e9 de diferents convocat\u00f2ries estatals i europees, incloent el programa de l\u2019<strong>Acci\u00f3n Estrat\u00e9gica en Salud 2024<\/strong> (AES 2024) de l&#8217;Instituto de Salud Carlos III (ISCIII) i el Plan Estatal de Investigaci\u00f3n Cient\u00edfica, T\u00e9cnica y de Innovaci\u00f3n (PEICTI) 2021-2023 de l&#8217;<strong>Agencia Estatal de Investigaci\u00f3n <\/strong>(AEI), aix\u00ed com de diversos programes internacionals.<\/p>\n<p>En el marc de l\u2019<strong>AES 2024<\/strong>, l\u2019I3PT ha aconseguit finan\u00e7ament per a nou <em>Proyectos de Investigaci\u00f3n en Salud<\/em> i un <em>Proyecto de Desarrollo Tecnol\u00f3gico en Salud<\/em>, amb un total d\u20191.100.000 euros. Els projectes, liderats per investigadors de l\u2019I3PT, estan vinculats a diverses \u00e0rees de recerca de l\u2019Institut:[\/vc_column_text][\/vc_column][\/vc_row][vc_row][vc_column][vc_tta_accordion active_section=&#8221;1&#8243; collapsible_all=&#8221;true&#8221;][vc_tta_section i_icon_fontawesome=&#8221;fas fa-microscope&#8221; add_icon=&#8221;true&#8221; title=&#8221;AES 2024&#8243; tab_id=&#8221;AES-2024&#8243;]<div class=\"eut-element eut-list eut-list-circle \" style=\"\"><p><span style=\"font-size: 14pt;\"><strong>Proyectos de Investigaci\u00f3n en Salud<\/strong><\/span><\/p>\n<ul>\n<li><strong>Jes\u00fas V. Cobo G\u00f3mez i Antonio Armario<\/strong>: Psiconeuroendocrinologia i estr\u00e8s en psicosi<\/li>\n<li><strong>Assumpta Caix\u00e0s Pedrag\u00f3s<\/strong>: Obesitat i s\u00edndrome de Prader-Willi<\/li>\n<li><strong>Anna Ruiz Nel\u00b7lo<\/strong>: Trastorns del neurodesenvolupament de base gen\u00e8tica<\/li>\n<li><strong>Xavier Serra Aracil<\/strong>: Recerca en cirurgia colorectal<\/li>\n<li><strong>Leonardo Sarlabous Uranga<\/strong>: Investigaci\u00f3 traslacional en el pacient cr\u00edtic<\/li>\n<li><strong>\u00d2scar Quijada Pich<\/strong>: Infeccions comunit\u00e0ries i relacionades amb l\u2019atenci\u00f3 sanit\u00e0ria<\/li>\n<li><strong>Sergio Lario i Xavier Calvet Calvo<\/strong>: Malaltia inflamat\u00f2ria intestinal, hep\u00e0tica i <em>Helicobacter pylori<\/em><\/li>\n<li><strong>Joan Calvet Fontova<\/strong>: Malaltia inflamat\u00f2ria articular, metabolisme ossi i malalties autoimmunes sist\u00e8miques<\/li>\n<li><strong>Oriol Roca Gas<\/strong>: Investigaci\u00f3 traslacional en el pacient cr\u00edtic<\/li>\n<\/ul>\n<\/div><div class=\"eut-element eut-list eut-list-circle \" style=\"\"><p><span style=\"font-size: 14pt;\"><strong>Proyecto de Desarrollo Tecnol\u00f3gico en Salud <\/strong><\/span><\/p>\n<ul>\n<li><strong>Jos\u00e9 Antonio Ibeas L\u00f3pez: <\/strong>Nefrologia cl\u00ednica, intervencionista i computacional<\/li>\n<\/ul>\n<\/div>[\/vc_tta_section][\/vc_tta_accordion][\/vc_column][\/vc_row][vc_row][vc_column][vc_column_text css=&#8221;&#8221;]Per la seva part, l\u2019<strong>AEI<\/strong> ha concedit 504.000 euros a dos projectes de l\u2019I3PT, com a part del Plan Estatal de Investigaci\u00f3n Cient\u00edfica y T\u00e9cnica y de Innovaci\u00f3n (PEICTI), en les seg\u00fcents modalitats:[\/vc_column_text][vc_tta_accordion active_section=&#8221;1&#8243; collapsible_all=&#8221;true&#8221;][vc_tta_section i_icon_fontawesome=&#8221;fas fa-microscope&#8221; add_icon=&#8221;true&#8221; title=&#8221;PEICTI&#8221; tab_id=&#8221;PEICTI&#8221;]<div class=\"eut-element eut-list eut-list-circle \" style=\"\"><p><span style=\"font-size: 14pt;\"><strong>Proyecto de Colaboraci\u00f3n P\u00fablico-Privada<\/strong><\/span><\/p>\n<ul>\n<li><strong>Marina Garc\u00eda Garc\u00eda de Acilu<\/strong>: Investigaci\u00f3 traslacional en el pacient cr\u00edtic<\/li>\n<\/ul>\n<\/div><div class=\"eut-element eut-list eut-list-circle \" style=\"\"><p><span style=\"font-size: 14pt;\"><strong>Proyecto de Generaci\u00f3n de Conocimiento<\/strong><\/span><\/p>\n<ul>\n<li><strong>Jaume Mesquida Febrer<\/strong>: Hemodin\u00e0mica, microcirculaci\u00f3 i oxigenaci\u00f3 tissular en el pacient cr\u00edtic<\/li>\n<\/ul>\n<\/div>[\/vc_tta_section][\/vc_tta_accordion][\/vc_column][\/vc_row][vc_row][vc_column][vc_column_text css=&#8221;&#8221;]A m\u00e9s, l\u2019I3PT ha captat 1.000.000 d\u2019euros per al desenvolupament de quatre projectes internacionals en diferents convocat\u00f2ries europees:[\/vc_column_text][vc_tta_accordion active_section=&#8221;1&#8243; collapsible_all=&#8221;true&#8221;][vc_tta_section i_icon_fontawesome=&#8221;fas fa-microscope&#8221; add_icon=&#8221;true&#8221; title=&#8221;Convocat\u00f2ries europees&#8221; tab_id=&#8221;convocatories-europees&#8221;]<div class=\"eut-element eut-list eut-list-circle \" style=\"\"><ul>\n<li><strong>GENESYS<\/strong> (<em>LIFE-2023-SAP-ENV-ENVIRONMENT<\/em>): Infeccions comunit\u00e0ries i relacionades amb l\u2019atenci\u00f3 sanit\u00e0ria<\/li>\n<li><strong>POLYARM<\/strong> (<em>Erasmus+ KA220-VET<\/em>): Politraumatisme, cirurgia d&#8217;urg\u00e8ncies i medicina transfusional<\/li>\n<li><strong>UNCAN<\/strong> (<em>HORIZON-MISS-2024-CANCER-01-01<\/em>): Investigaci\u00f3 biom\u00e8dica en c\u00e0ncer<\/li>\n<li><strong>ERANET<\/strong> (<em>EU Joint Programme \u2013 Neurodegenerative Disease Research &#8211; JPND 2024<\/em>): Neuroci\u00e8ncies traslacionals<\/li>\n<\/ul>\n<\/div>[\/vc_tta_section][\/vc_tta_accordion][\/vc_column][\/vc_row]\n<\/div>","protected":false,"gt_translate_keys":[{"key":"rendered","format":"html"}]},"excerpt":{"rendered":"<p>Aquesta dotaci\u00f3 prov\u00e9 de diferents convocat\u00f2ries estatals i europees, i permetr\u00e0 impulsar projectes d\u2019investigaci\u00f3 i innovaci\u00f3 en salut<\/p>\n","protected":false,"gt_translate_keys":[{"key":"rendered","format":"html"}]},"author":28,"featured_media":18074,"comment_status":"open","ping_status":"open","sticky":false,"template":"","format":"standard","meta":[],"categories":[1],"tags":[349,348,235],"gt_translate_keys":[{"key":"link","format":"url"}],"_links":{"self":[{"href":"https:\/\/www.tauli.cat\/institut\/wp-json\/wp\/v2\/posts\/18061"}],"collection":[{"href":"https:\/\/www.tauli.cat\/institut\/wp-json\/wp\/v2\/posts"}],"about":[{"href":"https:\/\/www.tauli.cat\/institut\/wp-json\/wp\/v2\/types\/post"}],"author":[{"embeddable":true,"href":"https:\/\/www.tauli.cat\/institut\/wp-json\/wp\/v2\/users\/28"}],"replies":[{"embeddable":true,"href":"https:\/\/www.tauli.cat\/institut\/wp-json\/wp\/v2\/comments?post=18061"}],"version-history":[{"count":16,"href":"https:\/\/www.tauli.cat\/institut\/wp-json\/wp\/v2\/posts\/18061\/revisions"}],"predecessor-version":[{"id":18085,"href":"https:\/\/www.tauli.cat\/institut\/wp-json\/wp\/v2\/posts\/18061\/revisions\/18085"}],"wp:featuredmedia":[{"embeddable":true,"href":"https:\/\/www.tauli.cat\/institut\/wp-json\/wp\/v2\/media\/18074"}],"wp:attachment":[{"href":"https:\/\/www.tauli.cat\/institut\/wp-json\/wp\/v2\/media?parent=18061"}],"wp:term":[{"taxonomy":"category","embeddable":true,"href":"https:\/\/www.tauli.cat\/institut\/wp-json\/wp\/v2\/categories?post=18061"},{"taxonomy":"post_tag","embeddable":true,"href":"https:\/\/www.tauli.cat\/institut\/wp-json\/wp\/v2\/tags?post=18061"}],"curies":[{"name":"wp","href":"https:\/\/api.w.org\/{rel}","templated":true}]}}