{"id":22758,"date":"2026-04-27T10:18:25","date_gmt":"2026-04-27T08:18:25","guid":{"rendered":"https:\/\/www.tauli.cat\/institut\/?p=22758"},"modified":"2026-04-27T10:18:25","modified_gmt":"2026-04-27T08:18:25","slug":"el-parc-tauli-busca-homes-adults-amb-sindrome-x-fragil-per-participar-en-un-assaig-clinic-dun-nou-farmac","status":"publish","type":"post","link":"https:\/\/www.tauli.cat\/institut\/actualitat\/noticies\/2026\/04\/el-parc-tauli-busca-homes-adults-amb-sindrome-x-fragil-per-participar-en-un-assaig-clinic-dun-nou-farmac\/","title":{"rendered":"El Parc Taul\u00ed busca homes adults amb s\u00edndrome X fr\u00e0gil per participar en un assaig cl\u00ednic d\u2019un nou f\u00e0rmac","gt_translate_keys":[{"key":"rendered","format":"text"}]},"content":{"rendered":"<p>Un equip de recerca de l\u2019Institut d\u2019Investigaci\u00f3 i Innovaci\u00f3 Parc Taul\u00ed (I3PT) busca homes adults amb s\u00edndrome X fr\u00e0gil per participar en un assaig cl\u00ednic de fase II. L\u2019estudi t\u00e9 com a objectiu <strong>avaluar la seguretat, la tolerabilitat i l\u2019efic\u00e0cia d\u2019un nou f\u00e0rmac amb potencial terap\u00e8utic per a aquest trastorn gen\u00e8tic<\/strong>.<\/p>\n<p>L\u2019assaig est\u00e0 promogut per CONNECTA Therapeutics i es duu a terme a l\u2019I3PT sota la direcci\u00f3 de la investigadora principal Ana Roche, cocap del <a href=\"https:\/\/www.tauli.cat\/institut\/recerca\/arees\/malalties-minoritaries\/#grup-discapacitat-intelectual-origen-genetic\">grup de Trastorns del neurodesenvolupament de base gen\u00e8tica<\/a>, aix\u00ed com a l\u2019Hospital del Mar Research Institute.<\/p>\n<h4>Qui pot participar-hi?<\/h4>\n<p>L\u2019estudi est\u00e0 dirigit a <strong>homes adults d\u2019entre 18 i 45 anys diagnosticats amb s\u00edndrome X fr\u00e0gil<\/strong>. Abans d\u2019incorporar-se a l\u2019assaig, les persones interessades rebran tota la informaci\u00f3 necess\u00e0ria sobre el funcionament de l\u2019estudi per part de l\u2019equip investigador. Si decideixen participar-hi, hauran de signar un consentiment informat. <strong>La participaci\u00f3 \u00e9s completament volunt\u00e0ria i l&#8217;assaig es pot abandonar en qualsevol moment<\/strong>.<\/p>\n<h4>En qu\u00e8 consisteix l\u2019estudi?<\/h4>\n<p>El proc\u00e9s comen\u00e7a amb una visita hospital\u00e0ria inicial en qu\u00e8 podran resoldre tots els dubtes sobre la participaci\u00f3 a l\u2019assaig i es far\u00e0 una revisi\u00f3 cl\u00ednica completa.<\/p>\n<p>Posteriorment, els participants prendran la mol\u00e9cula en investigaci\u00f3 o b\u00e9 un placebo, durant sis setmanes, dues vegades al dia \u2014despr\u00e9s d\u2019esmorzar i despr\u00e9s de sopar\u2014 amb un got d\u2019aigua.<\/p>\n<p>Durant aquest per\u00edode, tamb\u00e9 caldr\u00e0 assistir a diverses visites presencials a l\u2019hospital i respondre a trucades de seguiment per part de l\u2019equip investigador, que permetran monitoritzar l\u2019evoluci\u00f3 i recollir informaci\u00f3 sobre la <strong>seguretat<\/strong> i els possibles efectes del tractament.<\/p>\n<h4>Com obtenir m\u00e9s informaci\u00f3?<\/h4>\n<p>Les persones interessades a participar en aquest assaig cl\u00ednic o a rebre m\u00e9s informaci\u00f3 poden posar-se en contacte amb l\u2019equip investigador a trav\u00e9s del correu electr\u00f2nic <a href=\"mailto:neuroped@tauli.cat\">neuroped@tauli.cat<\/a>.<\/p>\n","protected":false,"gt_translate_keys":[{"key":"rendered","format":"html"}]},"excerpt":{"rendered":"<p>L\u2019estudi t\u00e9 com a objectiu avaluar la seguretat, la tolerabilitat i l\u2019efic\u00e0cia d\u2019un nou f\u00e0rmac amb potencial terap\u00e8utic per a aquest trastorn gen\u00e8tic.<\/p>\n","protected":false,"gt_translate_keys":[{"key":"rendered","format":"html"}]},"author":28,"featured_media":22759,"comment_status":"open","ping_status":"open","sticky":false,"template":"","format":"standard","meta":[],"categories":[1],"tags":[225,303,409],"gt_translate_keys":[{"key":"link","format":"url"}],"_links":{"self":[{"href":"https:\/\/www.tauli.cat\/institut\/wp-json\/wp\/v2\/posts\/22758"}],"collection":[{"href":"https:\/\/www.tauli.cat\/institut\/wp-json\/wp\/v2\/posts"}],"about":[{"href":"https:\/\/www.tauli.cat\/institut\/wp-json\/wp\/v2\/types\/post"}],"author":[{"embeddable":true,"href":"https:\/\/www.tauli.cat\/institut\/wp-json\/wp\/v2\/users\/28"}],"replies":[{"embeddable":true,"href":"https:\/\/www.tauli.cat\/institut\/wp-json\/wp\/v2\/comments?post=22758"}],"version-history":[{"count":2,"href":"https:\/\/www.tauli.cat\/institut\/wp-json\/wp\/v2\/posts\/22758\/revisions"}],"predecessor-version":[{"id":22761,"href":"https:\/\/www.tauli.cat\/institut\/wp-json\/wp\/v2\/posts\/22758\/revisions\/22761"}],"wp:featuredmedia":[{"embeddable":true,"href":"https:\/\/www.tauli.cat\/institut\/wp-json\/wp\/v2\/media\/22759"}],"wp:attachment":[{"href":"https:\/\/www.tauli.cat\/institut\/wp-json\/wp\/v2\/media?parent=22758"}],"wp:term":[{"taxonomy":"category","embeddable":true,"href":"https:\/\/www.tauli.cat\/institut\/wp-json\/wp\/v2\/categories?post=22758"},{"taxonomy":"post_tag","embeddable":true,"href":"https:\/\/www.tauli.cat\/institut\/wp-json\/wp\/v2\/tags?post=22758"}],"curies":[{"name":"wp","href":"https:\/\/api.w.org\/{rel}","templated":true}]}}