{"id":22799,"date":"2026-04-28T13:18:46","date_gmt":"2026-04-28T11:18:46","guid":{"rendered":"https:\/\/www.tauli.cat\/institut\/?p=22799"},"modified":"2026-04-28T14:20:54","modified_gmt":"2026-04-28T12:20:54","slug":"un-sistema-per-millorar-el-triatge-a-urgencies-amb-ia-guanyador-de-la-setena-edicio-de-bring_it","status":"publish","type":"post","link":"https:\/\/www.tauli.cat\/institut\/actualitat\/noticies\/2026\/04\/un-sistema-per-millorar-el-triatge-a-urgencies-amb-ia-guanyador-de-la-setena-edicio-de-bring_it\/","title":{"rendered":"Un sistema per millorar el triatge a urg\u00e8ncies amb IA, guanyador de la setena edici\u00f3 de BRING_IT","gt_translate_keys":[{"key":"rendered","format":"text"}]},"content":{"rendered":"<div class=\"wpb-content-wrapper\">[vc_row][vc_column][vc_column_text css=&#8221;&#8221;]El Parc Taul\u00ed va celebrar divendres l\u2019acte de cloenda de la 7a edici\u00f3 de <strong>BRING_IT<\/strong>, el programa d\u2019innovaci\u00f3 que organitza\u00a0<strong>l\u2019Institut d\u2019Investigaci\u00f3 i Innovaci\u00f3 Parc Taul\u00ed<\/strong> (I3PT), amb el suport de la plataforma <strong>ITEMAS<\/strong> per <strong>fomentar projectes d&#8217;innovaci\u00f3 en salut i biomedicina entre les seves unitats associades<\/strong>.<\/p>\n<p>Al llarg de gaireb\u00e9 tres mesos \u2014des del 5 de febrer\u2014, els 36 participants d\u2019aquesta edici\u00f3 han recorregut un <strong>itinerari formatiu estructurat en 10 sessions<\/strong> que ha abordat aspectes clau com la <strong>protecci\u00f3 intel\u00b7lectual, la regulaci\u00f3, l\u2019an\u00e0lisi de competidors o la definici\u00f3 de la proposta de valor<\/strong>. Una edici\u00f3 que, a m\u00e9s, ha destacat per la seva diversitat territorial, amb equips procedents de Madrid, Tenerife i Valladolid, i per una <strong>implicaci\u00f3 creixent tant en participaci\u00f3 com en assist\u00e8ncia.<\/strong><\/p>\n<p>Tot i l\u2019alt nivell de tots els projectes, el jurat ha atorgat el primer premi a <strong>PriorityCare<\/strong>, un projecte desenvolupat per un equip multidisciplinari de la <strong>Fundaci\u00f3n Hospitalarias Madrid<\/strong> que proposa <strong>transformar la sala d\u2019espera dels serveis d\u2019urg\u00e8ncies en un sistema intel\u00b7ligent de detecci\u00f3 preco\u00e7<\/strong>. La seva proposta se centra en una nova soluci\u00f3 tecnol\u00f2gica que permet als pacients aportar informaci\u00f3 sobre el seu estat de salut abans de ser atesos, facilitant una primera valoraci\u00f3 i millorant l&#8217;organitzaci\u00f3 de l&#8217;atenci\u00f3 sanit\u00e0ria. Aquesta iniciativa ajuda a agilitzar els processos, optimitzar recursos i reduir la pressi\u00f3 sobre els sistemes sanitaris.[\/vc_column_text][\/vc_column][\/vc_row][vc_row][vc_column]<blockquote class=\"eut-element\" style=\"\"><p>Participar en aquest programa ha estat una experi\u00e8ncia molt enriquidora: la visi\u00f3 estrat\u00e8gica, l\u2019enfocament col\u00b7laboratiu i l\u2019acompanyament proper ens han perm\u00e8s transformar la nostra idea en un projecte amb vertader potencial d\u2019impacte en la salut dels nostres pacients\u201d<\/p><\/blockquote>[\/vc_column][\/vc_row][vc_row][vc_column][vc_column_text css=&#8221;&#8221;]\u201cParticipar en aquest programa ha estat una experi\u00e8ncia molt enriquidora: la visi\u00f3 estrat\u00e8gica, l\u2019enfocament col\u00b7laboratiu i l\u2019acompanyament proper ens han perm\u00e8s transformar la nostra idea en un projecte amb vertader potencial d\u2019impacte en la salut dels nostres pacients\u201d, destaca <strong>Mar\u00eda Jes\u00fas Gonz\u00e1lez Hern\u00e1ndez<\/strong>, directora m\u00e8dica a la Fundaci\u00f3n Hospitalarias Madrid i membre de l\u2019equip de <em>PriorityCare<\/em>.<\/p>\n<p>Aquest acompanyament \u00e9s, precisament, un dels pilars del programa. Tal com assenyala <strong>Mart\u00edn Le\u00f3n<\/strong>, cap de la unitat d\u2019innovaci\u00f3 de l\u2019I3PT, \u201centendre que la innovaci\u00f3 \u00e9s un proc\u00e9s complex, i que no es limita a una sola dimensi\u00f3, \u00e9s clau quan desenvolupem un projecte\u201d. En aquest sentit, destaca la import\u00e0ncia de \u201ccaracteritzar b\u00e9 els projectes i establir les bases per identificar els recursos necessaris per desenvolupar el producte i avan\u00e7ar cap a la seva valoritzaci\u00f3 i transfer\u00e8ncia\u201d.[\/vc_column_text][\/vc_column][\/vc_row]\n<\/div>","protected":false,"gt_translate_keys":[{"key":"rendered","format":"html"}]},"excerpt":{"rendered":"<p>M\u00e9s de 30 participants d&#8217;arreu d&#8217;Espanya han recorregut durant 3 mesos l&#8217;itinerari formatiu de l&#8217;I3PT per convertir les seves idees en projectes amb impacte real en la salut<\/p>\n","protected":false,"gt_translate_keys":[{"key":"rendered","format":"html"}]},"author":28,"featured_media":22800,"comment_status":"open","ping_status":"open","sticky":false,"template":"","format":"standard","meta":[],"categories":[1],"tags":[329,34],"gt_translate_keys":[{"key":"link","format":"url"}],"_links":{"self":[{"href":"https:\/\/www.tauli.cat\/institut\/wp-json\/wp\/v2\/posts\/22799"}],"collection":[{"href":"https:\/\/www.tauli.cat\/institut\/wp-json\/wp\/v2\/posts"}],"about":[{"href":"https:\/\/www.tauli.cat\/institut\/wp-json\/wp\/v2\/types\/post"}],"author":[{"embeddable":true,"href":"https:\/\/www.tauli.cat\/institut\/wp-json\/wp\/v2\/users\/28"}],"replies":[{"embeddable":true,"href":"https:\/\/www.tauli.cat\/institut\/wp-json\/wp\/v2\/comments?post=22799"}],"version-history":[{"count":5,"href":"https:\/\/www.tauli.cat\/institut\/wp-json\/wp\/v2\/posts\/22799\/revisions"}],"predecessor-version":[{"id":22809,"href":"https:\/\/www.tauli.cat\/institut\/wp-json\/wp\/v2\/posts\/22799\/revisions\/22809"}],"wp:featuredmedia":[{"embeddable":true,"href":"https:\/\/www.tauli.cat\/institut\/wp-json\/wp\/v2\/media\/22800"}],"wp:attachment":[{"href":"https:\/\/www.tauli.cat\/institut\/wp-json\/wp\/v2\/media?parent=22799"}],"wp:term":[{"taxonomy":"category","embeddable":true,"href":"https:\/\/www.tauli.cat\/institut\/wp-json\/wp\/v2\/categories?post=22799"},{"taxonomy":"post_tag","embeddable":true,"href":"https:\/\/www.tauli.cat\/institut\/wp-json\/wp\/v2\/tags?post=22799"}],"curies":[{"name":"wp","href":"https:\/\/api.w.org\/{rel}","templated":true}]}}