{"id":28342,"date":"2026-08-31T13:27:13","date_gmt":"2026-08-31T11:27:13","guid":{"rendered":"https:\/\/www.tauli.cat\/institut\/?p=28342"},"modified":"2026-08-31T13:27:13","modified_gmt":"2026-08-31T11:27:13","slug":"el-parc-tauli-obre-una-base-de-dades-per-avancar-en-lestudi-de-la-ventilacio-mecanica","status":"publish","type":"post","link":"https:\/\/www.tauli.cat\/institut\/actualitat\/noticies\/2026\/08\/el-parc-tauli-obre-una-base-de-dades-per-avancar-en-lestudi-de-la-ventilacio-mecanica\/","title":{"rendered":"El Parc Taul\u00ed obre una base de dades per avan\u00e7ar en l\u2019estudi de la ventilaci\u00f3 mec\u00e0nica","gt_translate_keys":[{"key":"rendered","format":"text"}]},"content":{"rendered":"<div class=\"wpb-content-wrapper\">[vc_row][vc_column][vc_column_text css=&#8221;&#8221;]<strong>RAMIC-I reuneix dades d\u2019alta resoluci\u00f3 de 155 pacients ingressats a l\u2019UCI de l\u2019Hospital Universitari Parc Taul\u00ed i les posa a disposici\u00f3 de la comunitat cient\u00edfica per impulsar nous estudis i models d\u2019intel\u00b7lig\u00e8ncia artificial<\/strong><\/p>\n<p>La comunitat cient\u00edfica disposa d\u2019un nou recurs per avan\u00e7ar en l\u2019estudi dels pacients cr\u00edtics. El <a href=\"https:\/\/www.tauli.cat\/institut\/recerca\/arees\/infeccions-i-immunologia\/#grup-pacient-critic\"><strong>Grup d\u2019Investigaci\u00f3 Translacional en el Pacient Cr\u00edtic<\/strong><\/a> de l\u2019Institut d\u2019Investigaci\u00f3 i Innovaci\u00f3 Parc Taul\u00ed (I3PT) ha fet p\u00fablica una <strong>base de dades amb informaci\u00f3 cl\u00ednica i fisiol\u00f2gica d\u2019alta resoluci\u00f3<\/strong> que permetr\u00e0 aprofundir en el coneixement de la ventilaci\u00f3 mec\u00e0nica invasiva i la interacci\u00f3 entre el pacient i el ventilador.<\/p>\n<p><strong>RAMIC-I<\/strong> (les sigles de <em>Real-Time Agnostic Monitoring for Intensive Care<\/em>) cont\u00e9 dades anonimitzades de <strong>155 pacients adults<\/strong> ingressats al Servei de Medicina Intensiva de la Corporaci\u00f3 Sanit\u00e0ria Parc Taul\u00ed entre el 2015 i el 2019. En total, recull <strong>13.433 hores de ventilaci\u00f3 mec\u00e0nica invasiva<\/strong>, corresponents als primers vuit dies de tractament, i informaci\u00f3 de prop de <strong>19,7 milions de respiracions<\/strong>.<\/p>\n<p>El <strong>principal valor de RAMIC-I \u00e9s el grau de detall de les dades.<\/strong> Els senyals dels ventiladors mec\u00e0nics i dels monitors es van registrar de manera cont\u00ednua a 200 Hz, \u00e9s a dir, amb 200 mostres per segon. Aquesta resoluci\u00f3 permet analitzar la respiraci\u00f3 dels pacients cicle a cicle i estudiar amb precisi\u00f3 com interactuen amb el ventilador.<\/p>\n<p>Un dels fen\u00f2mens que es poden investigar s\u00f3n les <strong>asincronies<\/strong>, que es produeixen quan l\u2019esfor\u00e7 respiratori del pacient i l\u2019assist\u00e8ncia proporcionada per la m\u00e0quina no estan ben coordinats. RAMIC-I permet relacionar aquests episodis amb informaci\u00f3 cl\u00ednica com els signes vitals, els tractaments administrats, les anal\u00edtiques, les escales de gravetat i sedaci\u00f3 o l\u2019evoluci\u00f3 dels pacients.<\/p>\n<p>\u201cLa base de dades permet combinar la informaci\u00f3 sobre la interacci\u00f3 entre el pacient i el ventilador amb altres variables cl\u00edniques que, fins ara, molt poques vegades hav\u00edem pogut analitzar conjuntament\u201d, explica <strong>Leonardo Sarlabous<\/strong>, investigador de l\u2019I3PT i un dels impulsors del projecte.<\/p>\n<h4><strong>Dades de qualitat per entrenar la intel\u00b7lig\u00e8ncia artificial<\/strong><\/h4>\n<p>Abans de publicar-se, les dades han passat per un proc\u00e9s de validaci\u00f3, depuraci\u00f3 i estructuraci\u00f3. L\u2019equip investigador ha descartat registres erronis i valors fisiol\u00f2gicament impossibles per oferir un recurs consistent i preparat per ser utilitzat en nous estudis.<\/p>\n<p>L\u2019<strong>acc\u00e9s a dades fiables i ben estructurades<\/strong> \u00e9s un dels principals requisits per desenvolupar models predictius i eines d\u2019intel\u00b7lig\u00e8ncia artificial (IA) aplicades a la salut. En aquest sentit, RAMIC-I ja ha tingut un paper rellevant dins del projecte europeu <a href=\"https:\/\/intellilung-project.eu\/\"><strong>IntelliLung<\/strong><\/a><strong>, on va ser una de les cinc bases de dades p\u00fabliques utilitzades per entrenar i validar el model d\u2019<\/strong>IA<strong> desenvolupats en el marc del projecte<\/strong>. La informaci\u00f3 es va ordenar en un format com\u00fa i es va adaptar a les necessitats del model, un proc\u00e9s que tamb\u00e9 va contribuir a donar forma a la base de dades actual.<\/p>\n<h4><strong>Un recurs obert que vol continuar creixent<\/strong><\/h4>\n<p>RAMIC-I segueix els <strong>principis FAIR<\/strong>, segons els quals les dades cient\u00edfiques han de ser localitzables, accessibles, interoperables i reutilitzables. La informaci\u00f3 est\u00e0 anonimitzada per evitar que es pugui recon\u00e8ixer els pacients i s\u2019ha posat a disposici\u00f3 d\u2019investigadors, universitats i centres de recerca perqu\u00e8 la puguin utilitzar en nous estudis.<\/p>\n<p>Els pr\u00f2xims passos, segons Sarlabous, seran \u201campliar el per\u00edode de seguiment, incorporar m\u00e9s pacients i establir col\u00b7laboracions amb altres hospitals\u201d. L\u2019objectiu a llarg termini \u00e9s <strong>convertir RAMIC-I en una base de dades multic\u00e8ntrica<\/strong>, amb informaci\u00f3 procedent de diferents unitats de cures intensives.[\/vc_column_text][\/vc_column][\/vc_row][vc_row][vc_column][vc_column_text css=&#8221;&#8221;]\n<h4>Accedeix a RAMIC-I<\/h4>\n[\/vc_column_text][vc_row_inner][vc_column_inner width=&#8221;1\/2&#8243;]<div class=\"eut-element eut-box eut-align-left\" style=\"\"><div class=\"eut-media\"><a href=\"https:\/\/www.nature.com\/articles\/s41597-026-07598-1#citeas\" target=\"_self\"><img width=\"1920\" height=\"1080\" src=\"https:\/\/www.tauli.cat\/institut\/wp-content\/uploads\/2026\/08\/Scientific-Data.jpg\" class=\"attachment-full size-full\" alt=\"\" decoding=\"async\" loading=\"lazy\" srcset=\"https:\/\/www.tauli.cat\/institut\/wp-content\/uploads\/2026\/08\/Scientific-Data.jpg 1920w, https:\/\/www.tauli.cat\/institut\/wp-content\/uploads\/2026\/08\/Scientific-Data-300x169.jpg 300w, https:\/\/www.tauli.cat\/institut\/wp-content\/uploads\/2026\/08\/Scientific-Data-1200x675.jpg 1200w, https:\/\/www.tauli.cat\/institut\/wp-content\/uploads\/2026\/08\/Scientific-Data-768x432.jpg 768w, https:\/\/www.tauli.cat\/institut\/wp-content\/uploads\/2026\/08\/Scientific-Data-600x338.jpg 600w, https:\/\/www.tauli.cat\/institut\/wp-content\/uploads\/2026\/08\/Scientific-Data-1536x864.jpg 1536w, https:\/\/www.tauli.cat\/institut\/wp-content\/uploads\/2026\/08\/Scientific-Data-1170x658.jpg 1170w, https:\/\/www.tauli.cat\/institut\/wp-content\/uploads\/2026\/08\/Scientific-Data-800x450.jpg 800w\" sizes=\"(max-width: 1920px) 100vw, 1920px\" \/><\/a><\/div>  <div class=\"eut-box-content\">    <p>Scientific Data<\/p>  <\/div><\/div>[\/vc_column_inner][vc_column_inner width=&#8221;1\/2&#8243;]<div class=\"eut-element eut-box eut-align-left\" style=\"\"><div class=\"eut-media\"><a href=\"https:\/\/dataverse.csuc.cat\/dataset.xhtml?persistentId=doi:10.34810\/DATA2509\" target=\"_self\"><img width=\"1920\" height=\"1080\" src=\"https:\/\/www.tauli.cat\/institut\/wp-content\/uploads\/2026\/08\/Cora.jpg\" class=\"attachment-full size-full\" alt=\"\" decoding=\"async\" loading=\"lazy\" srcset=\"https:\/\/www.tauli.cat\/institut\/wp-content\/uploads\/2026\/08\/Cora.jpg 1920w, https:\/\/www.tauli.cat\/institut\/wp-content\/uploads\/2026\/08\/Cora-300x169.jpg 300w, https:\/\/www.tauli.cat\/institut\/wp-content\/uploads\/2026\/08\/Cora-1200x675.jpg 1200w, https:\/\/www.tauli.cat\/institut\/wp-content\/uploads\/2026\/08\/Cora-768x432.jpg 768w, https:\/\/www.tauli.cat\/institut\/wp-content\/uploads\/2026\/08\/Cora-600x338.jpg 600w, https:\/\/www.tauli.cat\/institut\/wp-content\/uploads\/2026\/08\/Cora-1536x864.jpg 1536w, https:\/\/www.tauli.cat\/institut\/wp-content\/uploads\/2026\/08\/Cora-1170x658.jpg 1170w, https:\/\/www.tauli.cat\/institut\/wp-content\/uploads\/2026\/08\/Cora-800x450.jpg 800w\" sizes=\"(max-width: 1920px) 100vw, 1920px\" \/><\/a><\/div>  <div class=\"eut-box-content\">    <p>Cora<\/p>  <\/div><\/div>[\/vc_column_inner][\/vc_row_inner][\/vc_column][\/vc_row]\n<\/div>","protected":false,"gt_translate_keys":[{"key":"rendered","format":"html"}]},"excerpt":{"rendered":"<p>RAMIC-I reuneix dades d\u2019alta resoluci\u00f3 de 155 pacients ingressats a l\u2019UCI de l\u2019Hospital Universitari Parc Taul\u00ed i les posa a disposici\u00f3 de la comunitat cient\u00edfica per impulsar nous estudis i models d\u2019intel\u00b7lig\u00e8ncia artificial<\/p>\n","protected":false,"gt_translate_keys":[{"key":"rendered","format":"html"}]},"author":28,"featured_media":28346,"comment_status":"open","ping_status":"open","sticky":false,"template":"","format":"standard","meta":[],"categories":[1],"tags":[424,178,137],"gt_translate_keys":[{"key":"link","format":"url"}],"_links":{"self":[{"href":"https:\/\/www.tauli.cat\/institut\/wp-json\/wp\/v2\/posts\/28342"}],"collection":[{"href":"https:\/\/www.tauli.cat\/institut\/wp-json\/wp\/v2\/posts"}],"about":[{"href":"https:\/\/www.tauli.cat\/institut\/wp-json\/wp\/v2\/types\/post"}],"author":[{"embeddable":true,"href":"https:\/\/www.tauli.cat\/institut\/wp-json\/wp\/v2\/users\/28"}],"replies":[{"embeddable":true,"href":"https:\/\/www.tauli.cat\/institut\/wp-json\/wp\/v2\/comments?post=28342"}],"version-history":[{"count":9,"href":"https:\/\/www.tauli.cat\/institut\/wp-json\/wp\/v2\/posts\/28342\/revisions"}],"predecessor-version":[{"id":28354,"href":"https:\/\/www.tauli.cat\/institut\/wp-json\/wp\/v2\/posts\/28342\/revisions\/28354"}],"wp:featuredmedia":[{"embeddable":true,"href":"https:\/\/www.tauli.cat\/institut\/wp-json\/wp\/v2\/media\/28346"}],"wp:attachment":[{"href":"https:\/\/www.tauli.cat\/institut\/wp-json\/wp\/v2\/media?parent=28342"}],"wp:term":[{"taxonomy":"category","embeddable":true,"href":"https:\/\/www.tauli.cat\/institut\/wp-json\/wp\/v2\/categories?post=28342"},{"taxonomy":"post_tag","embeddable":true,"href":"https:\/\/www.tauli.cat\/institut\/wp-json\/wp\/v2\/tags?post=28342"}],"curies":[{"name":"wp","href":"https:\/\/api.w.org\/{rel}","templated":true}]}}